{"id":75630,"date":"2015-12-29T18:03:17","date_gmt":"2015-12-29T21:03:17","guid":{"rendered":"http:\/\/aconteceunovale.com.br\/portal\/?p=75630"},"modified":"2015-12-29T18:03:17","modified_gmt":"2015-12-29T21:03:17","slug":"carro-cai-em-barranco-e-deixa-cinco-pessoas-feridas-em-coronel-fabriciano","status":"publish","type":"post","link":"https:\/\/aconteceunovale.com.br\/portal\/?p=75630","title":{"rendered":"Carro cai em barranco e deixa cinco pessoas feridas em Coronel Fabriciano"},"content":{"rendered":"<p>Cinco pessoas ficaram feridas em um acidente na manh\u00e3 desta ter\u00e7a-feira (29\/12), em Coronel Fabriciano, no Vale do A\u00e7o. O carro em que elas estavam capotou em um barranco no Bairro S\u00e3o Domingos.<\/p>\n<p>De acordo com o Corpo de Bombeiros, o motorista do ve\u00edculo, de 40 anos, e uma mulher, de 37, ficaram presos \u00e0s ferragens. O homem disse aos militares que o acidente aconteceu ap\u00f3s o carro perdeu os freios e travar a dire\u00e7\u00e3o.<\/p>\n<p>Todas as v\u00edtimas, com idades entre 6 e 90 anos, sofreram ferimentos leves e foram levadas para um hospital da cidade.<\/p>\n<p><img decoding=\"async\" src=\"http:\/\/aconteceunovale.com.br\/portal\/wp-content\/uploads\/2015\/12\/acidente_fabriciano.jpg\" alt=\"\" \/><em>V\u00edtimas sofreram ferimentos leves (Foto: Divulga\u00e7\u00e3o \/ Corpo de Bombeiros)<\/em><br \/>\n<\/br><\/p>\n<p><strong>Crian\u00e7a fica ferida e pai morre em acidente na MG-111<\/strong><\/p>\n<p>Uma menina de dez anos ficou ferida, e o pai dela, de 52, morreu em um grave acidente na MG-111, pr\u00f3ximo a Ipanema, na madrugada desta ter\u00e7a-feira (29\/12). Segundo a Pol\u00edcia Militar Rodovi\u00e1ria (PMR), a moto onde as v\u00edtimas estavam bateu na mureta de prote\u00e7\u00e3o da pista.<\/p>\n<p>Ainda de acordo com a PMR, a crian\u00e7a quebrou o bra\u00e7o e foi encaminhada ao  hospital de Ipanema. O pai da menina n\u00e3o resistiu aos ferimentos e morreu no local. O corpo dele foi encaminhado ao Instituto M\u00e9dico Legal de Caratinga. A moto foi recolhida para um p\u00e1tio credenciado pelo DETRAN em Ipanema.<\/p>\n<p><em>(Fonte: Inter TV dos Vales\/ G1)<\/em><\/p>\n","protected":false},"excerpt":{"rendered":"<p>Cinco pessoas ficaram feridas em um acidente na manh\u00e3 desta ter\u00e7a-feira (29\/12), em Coronel Fabriciano, no Vale do A\u00e7o. O carro em que elas estavam capotou em um barranco no Bairro S\u00e3o Domingos. De acordo com o Corpo de Bombeiros, o motorista do ve\u00edculo, de 40 anos, e uma mulher, de 37, ficaram presos \u00e0s [&hellip;]<\/p>\n","protected":false},"author":1,"featured_media":75631,"comment_status":"open","ping_status":"closed","sticky":false,"template":"","format":"standard","meta":{"amp_status":"","footnotes":""},"categories":[121],"tags":[18338,71559,45273,71558,71556,1524,71557,1732],"class_list":["post-75630","post","type-post","status-publish","format-standard","has-post-thumbnail","hentry","category-leste","tag-acidente-em-coronel-fabriciano","tag-acidente-em-ipanema","tag-acidente-na-mg-111","tag-acidente-na-mg-111-em-ipanema","tag-carro-cai-em-barranco-e-deixa-cinco-pessoas-feridas-em-coronel-fabriciano","tag-coronel-fabriciano","tag-crianca-fica-ferida-e-pai-morre-em-acidente-na-mg-111","tag-ipanema"],"_links":{"self":[{"href":"https:\/\/aconteceunovale.com.br\/portal\/index.php?rest_route=\/wp\/v2\/posts\/75630","targetHints":{"allow":["GET"]}}],"collection":[{"href":"https:\/\/aconteceunovale.com.br\/portal\/index.php?rest_route=\/wp\/v2\/posts"}],"about":[{"href":"https:\/\/aconteceunovale.com.br\/portal\/index.php?rest_route=\/wp\/v2\/types\/post"}],"author":[{"embeddable":true,"href":"https:\/\/aconteceunovale.com.br\/portal\/index.php?rest_route=\/wp\/v2\/users\/1"}],"replies":[{"embeddable":true,"href":"https:\/\/aconteceunovale.com.br\/portal\/index.php?rest_route=%2Fwp%2Fv2%2Fcomments&post=75630"}],"version-history":[{"count":0,"href":"https:\/\/aconteceunovale.com.br\/portal\/index.php?rest_route=\/wp\/v2\/posts\/75630\/revisions"}],"wp:featuredmedia":[{"embeddable":true,"href":"https:\/\/aconteceunovale.com.br\/portal\/index.php?rest_route=\/wp\/v2\/media\/75631"}],"wp:attachment":[{"href":"https:\/\/aconteceunovale.com.br\/portal\/index.php?rest_route=%2Fwp%2Fv2%2Fmedia&parent=75630"}],"wp:term":[{"taxonomy":"category","embeddable":true,"href":"https:\/\/aconteceunovale.com.br\/portal\/index.php?rest_route=%2Fwp%2Fv2%2Fcategories&post=75630"},{"taxonomy":"post_tag","embeddable":true,"href":"https:\/\/aconteceunovale.com.br\/portal\/index.php?rest_route=%2Fwp%2Fv2%2Ftags&post=75630"}],"curies":[{"name":"wp","href":"https:\/\/api.w.org\/{rel}","templated":true}]}}