{"id":75620,"date":"2015-12-29T16:29:51","date_gmt":"2015-12-29T19:29:51","guid":{"rendered":"http:\/\/aconteceunovale.com.br\/portal\/?p=75620"},"modified":"2015-12-29T16:31:16","modified_gmt":"2015-12-29T19:31:16","slug":"salario-minimo-sobe-para-r-880-em-1o-de-janeiro","status":"publish","type":"post","link":"https:\/\/aconteceunovale.com.br\/portal\/?p=75620","title":{"rendered":"Sal\u00e1rio m\u00ednimo sobe para R$ 880 em 2016"},"content":{"rendered":"<p>A partir do dia 1\u00ba de janeiro de 2016, o sal\u00e1rio m\u00ednimo ser\u00e1 de R$ 880. O valor foi definido em decreto assinado hoje (29\/12\/2015) pela presidenta Dilma Rousseff, que ser\u00e1 publicado no Di\u00e1rio Oficial da Uni\u00e3o de amanh\u00e3 (30\/12\/2015).<\/p>\n<p>O aumento do sal\u00e1rio m\u00ednimo ser\u00e1 de 11,6%, j\u00e1 que, atualmente, o valor \u00e9 de R$ 788. &#8220;Com o decreto assinado hoje pela presidenta Dilma Rousseff, o governo federal d\u00e1 continuidade \u00e0 sua pol\u00edtica de valoriza\u00e7\u00e3o do sal\u00e1rio m\u00ednimo, com impacto direto sobre cerca de 40 milh\u00f5es de trabalhadores e aposentados, que atualmente recebem o piso nacional&#8221;, diz nota divulgada pelo Pal\u00e1cio do Planalto.<\/p>\n<p>A proposta de Or\u00e7amento aprovada pelo Congresso Nacional previa um sal\u00e1rio m\u00ednimo de R$ 871. Ainda hoje o governo ir\u00e1 dar mais detalhes sobre o novo valor do sal\u00e1rio para o ano que vem. (Ag\u00eancia Brasil)<\/p>\n","protected":false},"excerpt":{"rendered":"<p>A partir do dia 1\u00ba de janeiro de 2016, o sal\u00e1rio m\u00ednimo ser\u00e1 de R$ 880. O valor foi definido em decreto assinado hoje (29\/12\/2015) pela presidenta Dilma Rousseff, que ser\u00e1 publicado no Di\u00e1rio Oficial da Uni\u00e3o de amanh\u00e3 (30\/12\/2015). O aumento do sal\u00e1rio m\u00ednimo ser\u00e1 de 11,6%, j\u00e1 que, atualmente, o valor \u00e9 de [&hellip;]<\/p>\n","protected":false},"author":1,"featured_media":75621,"comment_status":"open","ping_status":"closed","sticky":false,"template":"","format":"standard","meta":{"amp_status":"","footnotes":""},"categories":[6],"tags":[71538,1018,2162,71533,29899,26448,71539,71534,71537,71532,71531,71541,71536,71535,71540],"class_list":["post-75620","post","type-post","status-publish","format-standard","has-post-thumbnail","hentry","category-br","tag-decreto","tag-destaque","tag-dilma-rousseff","tag-novo-salario-minimo-no-brasil","tag-reajuste","tag-salario-minimo","tag-salario-minimo-2016","tag-salario-minimo-no-brasil","tag-salario-minimo-sera-de-r-880","tag-salario-minimo-sobe-para-r-880","tag-salario-minimo-sobe-para-r-880-em-1o-de-janeiro","tag-salario-minimo-sobe-para-r-880-em-2016","tag-valor-do-salario-minimo","tag-valor-do-salario-minimo-no-brasil","tag-valorizacao-do-salario-minimo"],"_links":{"self":[{"href":"https:\/\/aconteceunovale.com.br\/portal\/index.php?rest_route=\/wp\/v2\/posts\/75620","targetHints":{"allow":["GET"]}}],"collection":[{"href":"https:\/\/aconteceunovale.com.br\/portal\/index.php?rest_route=\/wp\/v2\/posts"}],"about":[{"href":"https:\/\/aconteceunovale.com.br\/portal\/index.php?rest_route=\/wp\/v2\/types\/post"}],"author":[{"embeddable":true,"href":"https:\/\/aconteceunovale.com.br\/portal\/index.php?rest_route=\/wp\/v2\/users\/1"}],"replies":[{"embeddable":true,"href":"https:\/\/aconteceunovale.com.br\/portal\/index.php?rest_route=%2Fwp%2Fv2%2Fcomments&post=75620"}],"version-history":[{"count":0,"href":"https:\/\/aconteceunovale.com.br\/portal\/index.php?rest_route=\/wp\/v2\/posts\/75620\/revisions"}],"wp:featuredmedia":[{"embeddable":true,"href":"https:\/\/aconteceunovale.com.br\/portal\/index.php?rest_route=\/wp\/v2\/media\/75621"}],"wp:attachment":[{"href":"https:\/\/aconteceunovale.com.br\/portal\/index.php?rest_route=%2Fwp%2Fv2%2Fmedia&parent=75620"}],"wp:term":[{"taxonomy":"category","embeddable":true,"href":"https:\/\/aconteceunovale.com.br\/portal\/index.php?rest_route=%2Fwp%2Fv2%2Fcategories&post=75620"},{"taxonomy":"post_tag","embeddable":true,"href":"https:\/\/aconteceunovale.com.br\/portal\/index.php?rest_route=%2Fwp%2Fv2%2Ftags&post=75620"}],"curies":[{"name":"wp","href":"https:\/\/api.w.org\/{rel}","templated":true}]}}