{"id":75613,"date":"2015-12-29T08:57:56","date_gmt":"2015-12-29T11:57:56","guid":{"rendered":"http:\/\/aconteceunovale.com.br\/portal\/?p=75613"},"modified":"2015-12-29T08:57:56","modified_gmt":"2015-12-29T11:57:56","slug":"companhia-as-gracas-faz-turne-em-onibus-teatro-pelo-vale-do-jequitinhonha","status":"publish","type":"post","link":"https:\/\/aconteceunovale.com.br\/portal\/?p=75613","title":{"rendered":"Companhia \u2018As Gra\u00e7as\u2019 faz turn\u00ea em \u00f4nibus-teatro pelo Vale do Jequitinhonha"},"content":{"rendered":"<p>No dia 5 de janeiro, \u00e0s 17 horas, um \u00f4nibus nada convencional vai estacionar no Largo do Ros\u00e1rio, do distrito de Milho Verde, para a primeira apresenta\u00e7\u00e3o da turn\u00ea da premiada companhia paulistana de teatro \u201cAs Gra\u00e7as\u201d. O espet\u00e1culo \u201cCanto a Canto\u201d marca o in\u00edcio da viagem pelo Vale do Jequitinhonha, que segue at\u00e9 22\/01, totalizando nove cidades e dezesseis apresenta\u00e7\u00f5es. Al\u00e9m dele, fazem parte da turn\u00ea os espet\u00e1culos \u2018Poemas para Brincar\u2019 e \u2018Nas Rodas do Cora\u00e7\u00e3o\u2019.<\/p>\n<p>Num \u00f4nibus adaptado que se transforma em palco, com toda infraestrutura necess\u00e1ria para apresenta\u00e7\u00f5es de espet\u00e1culos, a companhia viaja pelo Brasil desde o ano 2000 (ano em que adquiriu o \u00f4nibus para o projeto Circular-Teatro) levando ao p\u00fablico espet\u00e1culos adultos e infantis cheios de poesia, m\u00fasica e bonecos, para adultos e crian\u00e7as, com influ\u00eancias das linguagens de Teatro de Rua, Teatro de Revista e do Circo Teatro.<\/p>\n<p>No Vale do Jequitinhonha ser\u00e3o apresentados tr\u00eas espet\u00e1culos que integram o repert\u00f3rio est\u00e1vel do grupo; \u2018Canto a Canto\u2019, \u2018Poemas para Brincar\u2019 e \u2018Nas Rodas do Cora\u00e7\u00e3o\u2019. Confira a programa\u00e7\u00e3o abaixo:<\/p>\n<p><img decoding=\"async\" src=\"http:\/\/aconteceunovale.com.br\/portal\/wp-content\/uploads\/2015\/12\/companhia_jequi.jpg\" alt=\"\" \/><em>Espet\u00e1culos da Companhia \u2018As Gra\u00e7as\u2019 ser\u00e3o apresentados no Jequitinhonha &#8211; Foto: Divulga\u00e7\u00e3o<\/em><br \/>\n<\/br><\/p>\n<p><strong>Cronograma de apresenta\u00e7\u00f5es<\/strong><\/p>\n<p>Dias:<\/p>\n<p>05\/01\/16 &#8211; Milho Verde (MG) &#8211; &#8220;Espet\u00e1culo Canto a Canto&#8221; \u2013 17h, no Largo do Ros\u00e1rio<\/p>\n<p>07\/01\/16 &#8211; S\u00e3o Gon\u00e7alo do Rio das Pedras (MG) &#8211; &#8220;Poemas para Brincar&#8221; \u2013 10h &#8211; Associa\u00e7\u00e3o Cultural Comunit\u00e1ria Sempre Viva<\/p>\n<p>07\/01\/16 &#8211; S\u00e3o Gon\u00e7alo do Rio das Pedras (MG) &#8211; &#8220;Nas Rodas do Cora\u00e7\u00e3o&#8221; \u2013 20h &#8211; Comunidade Quilombola Vila Nova<\/p>\n<p>08\/01\/16 \u2013 Serro (MG) &#8211; &#8220;Nas Rodas do Cora\u00e7\u00e3o&#8221; \u2013 20h &#8211; Pra\u00e7a Jo\u00e3o Pinheiro<\/p>\n<p>10\/01\/16 &#8211; Ara\u00e7ua\u00ed (MG) &#8211; &#8220;Poemas para Brincar&#8221; \u2013 18h &#8211; Pra\u00e7a do F\u00f3rum<\/p>\n<p>10\/01\/16 \u2013 Ara\u00e7ua\u00ed (MG) &#8211; &#8220;Nas Rodas do Cora\u00e7\u00e3o&#8221; \u2013 21h &#8211; Pra\u00e7a do F\u00f3rum<\/p>\n<p>11\/01\/16 \u2013 Ara\u00e7ua\u00ed (MG) &#8211; &#8220;Canto a Canto&#8221; \u2013 16h &#8211; A\u00e7\u00e3o Social Santo Ant\u00f4nio<\/p>\n<p>13\/01\/16 &#8211; Padre Para\u00edso (MG) &#8211; &#8220;Poemas para Brincar&#8221; \u2013 18h &#8211; Pra\u00e7a \u00c1guas Marinhas<\/p>\n<p>13\/01\/16 &#8211; Padre Para\u00edso &#8211; &#8220;Nas Rodas do Cora\u00e7\u00e3o&#8221; \u2013 21h &#8211; Pra\u00e7a \u00c1guas Marinhas<\/p>\n<p>15\/01\/16 &#8211; Almenara (MG) &#8211; &#8220;Poemas para Brincar&#8221; \u2013 18h &#8211; Av. Olindo de Miranda &#8211; Em frente ao Boc\u00e3o Lanches<\/p>\n<p>15\/01\/16 \u2013 Almenara (MG) &#8211; &#8220;Nas Rodas do Cora\u00e7\u00e3o&#8221; \u2013 21h &#8211; Av. Olindo de Miranda &#8211; Em frente ao Boc\u00e3o Lanches.<\/p>\n<p>17\/01\/16 &#8211; Felisburgo (MG) &#8211; &#8220;Poemas para Brincar&#8221; \u2013 18h &#8211; Pra\u00e7a de Eventos <\/p>\n<p>17\/01\/16 &#8211; Felisburgo (MG) &#8211; &#8220;Nas Rodas do Cora\u00e7\u00e3o&#8221; \u2013 21h &#8211; Pra\u00e7a de Eventos<\/p>\n<p>20\/01\/16 \u2013 Barrol\u00e2ndia (BA) &#8211; &#8220;Poemas para Brincar&#8221; \u2013 18h &#8211; Pra\u00e7a da Bandeira<\/p>\n<p>22\/01\/16 &#8211; Belmonte (BA) &#8211; &#8220;Poemas para Brincar&#8221; \u2013 18h &#8211;  Pra\u00e7a Ormindo Oliveira Barreio Led\u00e3o<\/p>\n<p>22\/01\/16 &#8211; Belmonte (BA) &#8211; &#8220;Nas Rodas do Cora\u00e7\u00e3o \u2013 21h &#8211; Pra\u00e7a Ormindo Oliveira Barreio Led\u00e3o<\/p>\n<p><strong>Espet\u00e1culo Canto a Canto<\/strong><\/p>\n<p>\u2018Canto a Canto\u2019 \u00e9 formado de pequenas interven\u00e7\u00f5es teatrais em que artista e espectador estabelecem um momento \u00fanico de proximidade. O espectador \u00e9 convidado por uma das atrizes a escolher alguma lembran\u00e7a de uma das gavetas de uma pequena caixa. Cada escolha, como num segredo compartilhado, serve de mote para a sequ\u00eancia de m\u00fasicas, poesias ou pequenos textos que comp\u00f5em os roteiros das interven\u00e7\u00f5es.<\/p>\n<p>Os textos e as poesias escolhidas s\u00e3o todas de autores nacionais como Ad\u00e9lia Prado, Manuel de Barros, Drummond, Manuel Bandeira, Clarisse Lispector, Paulo Leminski, J. P. Paes, entre outros. A m\u00fasica, tocada ao vivo pelas atrizes, acompanha e complementa os textos. Um espet\u00e1culo delicado e pessoal feito especialmente para o espectador, que ao final da apresenta\u00e7\u00e3o leva para casa um origami oferecido pelas atrizes.<\/p>\n<p><strong>Espet\u00e1culo Nas Rodas do Cora\u00e7\u00e3o<\/strong><\/p>\n<p>Uma com\u00e9dia musical que conta a hist\u00f3ria de uma companhia de teatro mambembe que apresenta seu repert\u00f3rio pelas ruas da cidade de S\u00e3o Paulo. Enquanto as pequenas hist\u00f3rias, inspiradas nos sambas de Adoniran Barbosa, s\u00e3o encenadas, as atrizes descobrem as falcatruas da dona da companhia e tentam, nos bastidores, desmascarar os golpes da vil\u00e3. O espet\u00e1culo \u00e9 um musical inspirado no universo de Adoniran Barbosa e na estrutura do melodrama, concebido originalmente para ser encenado em cima do \u00f4nibus- teatro-itinerante. Estreou em fevereiro de 2004 no centro de S\u00e3o Paulo, no projeto Circular Teatro. <\/p>\n<p><strong>Espet\u00e1culo Poemas para Brincar<\/strong><\/p>\n<p>Em \u2018Poemas para brincar\u2019 bonecos ganham vida atrav\u00e9s das palavras, sons, m\u00fasicas e poesia, numa cont\u00ednua brincadeira.?A poesia de Jos\u00e9 Paulo Paes, m\u00fasica e a linguagem m\u00e1gica dos bonecos integram o espet\u00e1culo, no qual a crian\u00e7a \u00e9 convidada a brincar; de bola, de pi\u00e3o e de poesia.<\/p>\n<p>Ana e Juca s\u00e3o duas crian\u00e7as que inventam uma maneira diferente de brincar: atrav\u00e9s do jogo de palavras descobrem o universo da poesia. Cada poema se torna uma grande jornada por um mundo de imagina\u00e7\u00e3o, sonho e alegria.<\/p>\n<p>Na medida em que aborda o universo infantil, o teatro de bonecos \u00e9 como um brinquedo m\u00e1gico, onde as figuras inanimadas, c\u00famplices das brincadeiras da crian\u00e7a, uma vez no palco, assumem vontades e desejos pr\u00f3prios. A imagina\u00e7\u00e3o torna-se realidade. Crian\u00e7as e bonecos brincam juntos e s\u00e3o transportados para outra dimens\u00e3o. Um est\u00edmulo \u00e0 capacidade natural da crian\u00e7a de encontrar, atrav\u00e9s da arte e do jogo c\u00eanico, respostas para sua grande curiosidade em rela\u00e7\u00e3o ao mundo real.<\/p>\n<p>O espet\u00e1culo cumpriu temporada no teatro Cacilda Becker em 96, nos teatros Alfredo Mesquita e Alceu de Amoroso Lima em 97 e no teatro Crowne Plaza em 98.<\/p>\n<p>Realizou ainda apresenta\u00e7\u00f5es em v\u00e1rias unidades do SESC, Casas de Cultura e escolas de S\u00e3o Paulo e participou do Projeto M\u00f3vel de Cultura e Meio Ambiente da Comunidade Solid\u00e1ria do Governo Federal, em 1999.<\/p>\n<p>Recebeu no ano de 1996, os pr\u00eamios:? MAMBEMBE, APCA e PR\u00caMIO COCA-COLA nas categorias de melhor m\u00fasica e melhor teatro de anima\u00e7\u00e3o.<\/p>\n<p>Recentemente, o espet\u00e1culo esteve em cartaz na \u2018Mostra de Repert\u00f3rio As Gra\u00e7as &#8211; Ocupa\u00e7\u00e3o do Parque da Luz\u2019.<\/p>\n<p><strong>Companhia de Teatro &#8211; As Gra\u00e7as<\/strong><\/p>\n<p>Investindo em uma dramaturgia pr\u00f3pria concebida, desenvolvida e encenada apenas por mulheres, a Cia. Teatral As Gra\u00e7as nasceu na Escola de Arte Dram\u00e1tica da USP, onde se encontraram Eliana Bolanho, Vera Abbud, Daniela Schitini e Juliana Gontijo.<\/p>\n<p>Focado na palavra e no trabalho do ator, a companhia dedicou-se a um trabalho que parte da literatura, em busca de todos os alcances que a palavra propicia; como tamb\u00e9m em espet\u00e1culos que resultam da linguagem popular. \u201cUtilizamos g\u00eaneros como a revista musical, a com\u00e9dia de costumes e o melodrama com o intuito de realizar um teatro popular no qual o ator, seu corpo e sua palavra s\u00e3o o centro de todos os trabalhos\u201d, explicam. <\/p>\n<p>Em atividade desde 1995, a Cia de teatro As Gra\u00e7as (formada pelas atrizes Daniela Schitini, Eliana Bolanho, Juliana Gontijo e Vera Abbud) tem em seu repert\u00f3rio catorze espet\u00e1culos autorais que j\u00e1 circularam por diversas cidades do Brasil (incluindo a capital paulista onde foram, v\u00e1rias vezes, contempladas com a Lei de Fomento ao Teatro da Cidade de S\u00e3o Paulo).<\/p>\n<p>Entre as pe\u00e7as da companhia algumas t\u00eam inspira\u00e7\u00e3o no universo liter\u00e1rio e s\u00e3o destinadas ao p\u00fablico adulto, outras abordam a linguagem de bonecos e s\u00e3o voltadas ao p\u00fablico infantil. A companhia tamb\u00e9m aborda outras linguagens como, por exemplo, o teatro de rua. Desde 2002 o grupo realiza o projeto Circular-Teatro, utilizando um \u00f4nibus que se transforma em palco para levar teatro ao p\u00fablico que encontram nas ruas e pra\u00e7as da cidade de S\u00e3o Paulo e diversas outras cidades do Brasil por onde passa.<\/p>\n<p>Desde sua funda\u00e7\u00e3o a Cia As Gra\u00e7as convida, a cada espet\u00e1culo um diretor de teatro para participar do projeto. Nomes como Ednaldo Freire, V\u00e2nia Terra, Kleber Montanheiro, Regina Galdino, Marco Antonio Rodrigues, Vivien Buckup, Cris Lozano, Cibele Forjaz, Cristiane Paoli Quito, Leris Colombaioni, j\u00e1 dirigiram pe\u00e7as do repert\u00f3rio da companhia.<\/p>\n<p>Desde 2013, As Gra\u00e7as iniciam uma nova jornada com o projeto Circular Teatro- Do Parque da Luz para o Brasil com a participa\u00e7\u00e3o de Andr\u00e9 Carreira &#8211; estudioso e diretor de teatro que tem como proposta de seu trabalho o teatro de invas\u00e3o \u2013 cidade como dramaturgia. Formado em artes pl\u00e1sticas pela UNB, e doutor pela Universidad de Buenos Aires. Leciona no Programa de P\u00f3s-Gradua\u00e7\u00e3o em Teatro (Mestrado\/Doutorado) da Universidade do Estado de Santa Catarina. Em 2007, Carreira lan\u00e7ou o livro Teatro de Rua: uma paix\u00e3o no asfalto. (Adriana Monteiro \/ Cris Santos)<\/p>\n","protected":false},"excerpt":{"rendered":"<p>No dia 5 de janeiro, \u00e0s 17 horas, um \u00f4nibus nada convencional vai estacionar no Largo do Ros\u00e1rio, do distrito de Milho Verde, para a primeira apresenta\u00e7\u00e3o da turn\u00ea da premiada companhia paulistana de teatro \u201cAs Gra\u00e7as\u201d. O espet\u00e1culo \u201cCanto a Canto\u201d marca o in\u00edcio da viagem pelo Vale do Jequitinhonha, que segue at\u00e9 22\/01, [&hellip;]<\/p>\n","protected":false},"author":1,"featured_media":75614,"comment_status":"open","ping_status":"closed","sticky":false,"template":"","format":"standard","meta":{"amp_status":"","footnotes":""},"categories":[125,120],"tags":[142,186,71516,71517,71513,71512,71514,71518,71519,71520,37991,242,71515,572,153,154],"class_list":["post-75613","post","type-post","status-publish","format-standard","has-post-thumbnail","hentry","category-noticias","category-jequi","tag-almenara","tag-aracuai","tag-barrolandia","tag-belmonte","tag-companhia-as-gracas","tag-companhia-as-gracas-faz-turne-em-onibus-teatro-pelo-vale-do-jequitinhonha","tag-companhia-de-teatro-as-gracas","tag-espetaculo-canto-a-canto","tag-espetaculo-nas-rodas-do-coracao","tag-espetaculo-poemas-para-brincar","tag-felizburgo","tag-milho-verde","tag-onibus-teatro","tag-padre-paraiso","tag-sao-goncalo-do-rio-das-pedras","tag-serro"],"_links":{"self":[{"href":"https:\/\/aconteceunovale.com.br\/portal\/index.php?rest_route=\/wp\/v2\/posts\/75613","targetHints":{"allow":["GET"]}}],"collection":[{"href":"https:\/\/aconteceunovale.com.br\/portal\/index.php?rest_route=\/wp\/v2\/posts"}],"about":[{"href":"https:\/\/aconteceunovale.com.br\/portal\/index.php?rest_route=\/wp\/v2\/types\/post"}],"author":[{"embeddable":true,"href":"https:\/\/aconteceunovale.com.br\/portal\/index.php?rest_route=\/wp\/v2\/users\/1"}],"replies":[{"embeddable":true,"href":"https:\/\/aconteceunovale.com.br\/portal\/index.php?rest_route=%2Fwp%2Fv2%2Fcomments&post=75613"}],"version-history":[{"count":0,"href":"https:\/\/aconteceunovale.com.br\/portal\/index.php?rest_route=\/wp\/v2\/posts\/75613\/revisions"}],"wp:featuredmedia":[{"embeddable":true,"href":"https:\/\/aconteceunovale.com.br\/portal\/index.php?rest_route=\/wp\/v2\/media\/75614"}],"wp:attachment":[{"href":"https:\/\/aconteceunovale.com.br\/portal\/index.php?rest_route=%2Fwp%2Fv2%2Fmedia&parent=75613"}],"wp:term":[{"taxonomy":"category","embeddable":true,"href":"https:\/\/aconteceunovale.com.br\/portal\/index.php?rest_route=%2Fwp%2Fv2%2Fcategories&post=75613"},{"taxonomy":"post_tag","embeddable":true,"href":"https:\/\/aconteceunovale.com.br\/portal\/index.php?rest_route=%2Fwp%2Fv2%2Ftags&post=75613"}],"curies":[{"name":"wp","href":"https:\/\/api.w.org\/{rel}","templated":true}]}}