{"id":75607,"date":"2015-12-29T08:25:07","date_gmt":"2015-12-29T11:25:07","guid":{"rendered":"http:\/\/aconteceunovale.com.br\/portal\/?p=75607"},"modified":"2015-12-29T08:25:07","modified_gmt":"2015-12-29T11:25:07","slug":"empresas-e-cooperativas-tem-ate-31-de-dezembro-para-evitar-o-cancelamento-administrativo","status":"publish","type":"post","link":"https:\/\/aconteceunovale.com.br\/portal\/?p=75607","title":{"rendered":"Empresas e cooperativas t\u00eam at\u00e9 31 de dezembro para evitar o cancelamento administrativo"},"content":{"rendered":"<p>Mais de 38,5 mil empreendimentos podem ser cancelados administrativamente neste ano de 2015. O alerta \u00e9 da\u00a0Junta Comercial de Minas Gerais (Jucemg), que recebeu, at\u00e9 o in\u00edcio de dezembro, apenas 1.972 arquivamentos de empresas e cooperativas com o objetivo de evitar o cancelamento administrativo. O chamamento p\u00fablico com a notifica\u00e7\u00e3o est\u00e1 ativo desde julho. Para que n\u00e3o sejam inativados pela Receita Estadual, os empreendimentos t\u00eam no m\u00e1ximo at\u00e9 o dia 31 de dezembro para se regularizarem.<\/p>\n<p>O cancelamento administrativo \u00e9 um problema com reflexo direto na condu\u00e7\u00e3o dos neg\u00f3cios de uma empresa e\/ou cooperativas. De acordo com a diretora de Registro Empresarial da Jucemg, L\u00edgia Xenes, \u201co procedimento leva \u00e0 perda da prote\u00e7\u00e3o do nome empresarial. Al\u00e9m disso, se o registro do com\u00e9rcio n\u00e3o protege o nome empresarial do empreendimento, outras empresas poder\u00e3o vir a utiliz\u00e1-lo&#8221;, explica.<\/p>\n<p>Outros impactos negativos est\u00e3o associados ao Cadastro Nacional da Pessoa Jur\u00eddica (CNPJ) e \u00e0 inscri\u00e7\u00e3o estadual. &#8220;Ap\u00f3s decretado o cancelamento administrativo, os \u00f3rg\u00e3os de arrecada\u00e7\u00e3o s\u00e3o comunicados automaticamente. A Receita tamb\u00e9m pode impor limita\u00e7\u00f5es pr\u00f3prias ao neg\u00f3cio&#8221;, adverte.<\/p>\n<p>Em 2014, mais de 32 mil empresas foram canceladas administrativamente e mais de tr\u00eas mil neg\u00f3cios tiveram que solicitar a reativa\u00e7\u00e3o para permanecer ativos perante aos \u00f3rg\u00e3os p\u00fablicos. Para que isso n\u00e3o ocorra, o respons\u00e1vel deve comunicar \u00e0 Jucemg, dentro do prazo estipulado, que deseja mant\u00ea-la em funcionamento, ou informar a paralisa\u00e7\u00e3o tempor\u00e1ria de suas atividades, ou ainda arquivar altera\u00e7\u00f5es contratuais ocorridas na ultima d\u00e9cada.<\/p>\n<p><strong>Como evitar<\/strong><\/p>\n<p>Segundo\u00a0L\u00edgia,&#8221;para\u00a0evitar\u00a0o\u00a0cancelamento\u00a0administrativo,\u00a0a\u00a0empresa\u00a0deve\u00a0apresentar\u00a0um\u00a0comunicado\u00a0de\u00a0funcionamento\u00a0para\u00a0registro\/arquivamento antes do dia 31 de dezembro&#8221;, refor\u00e7a. O modelo est\u00e1 \u00e0 disposi\u00e7\u00e3o do empreendedor na p\u00e1gina da Jucemg &#8211;\u00a0<a href=\"http:\/\/www.jucemg.mg.gov.br\/\">http:\/\/www.jucemg.mg.gov.br\/<\/a>.<\/p>\n<p>O cancelamento ocorre quando a empresa n\u00e3o arquivar qualquer documento na Jucemg nos \u00faltimos dez anos consecutivos. Neste caso, desde janeiro de 2005. Para evitar este tipo de situa\u00e7\u00e3o, orienta a diretora, as empresas e cooperativas devem apresentar regularmente \u00e0 Jucemg quaisquer arquivos e documentos que demonstrem a regularidade de funcionamento, como, por exemplo, registro de balan\u00e7o, altera\u00e7\u00f5es contratuais e mudan\u00e7a de capital.<\/p>\n<p>&#8220;As empresas devem manter uma certa regularidade nos seus registros\/arquivamentos, na ordem dos acontecimentos&#8221;, observa. Al\u00e9m disso, \u00e9 importante que o empreendimento &#8220;n\u00e3o adie o registro\/arquivo de atos empresariais obrigat\u00f3rios e a autentica\u00e7\u00e3o de seus documentos de escritura\u00e7\u00e3o&#8221;.<\/p>\n<p>Est\u00e3o sujeitas ao Cancelamento Administrativo anual as sociedades empres\u00e1rias, os empres\u00e1rios e as cooperativas. A medida \u00e9 feita com base nas disposi\u00e7\u00f5es do artigo 60 da Lei Federal 8.934\/1994, nos artigos 32, inciso II, al\u00ednea \u201ch\u201d Decreto Federal 1.800 de 30\/01\/1996, e ainda no art. 1\u00ba da Instru\u00e7\u00e3o Normativa DREI N\u00ba 5 de 5 de dezembro de 2013. (Ag\u00eancia Minas)<\/p>\n","protected":false},"excerpt":{"rendered":"<p>Mais de 38,5 mil empreendimentos podem ser cancelados administrativamente neste ano de 2015. O alerta \u00e9 da\u00a0Junta Comercial de Minas Gerais (Jucemg), que recebeu, at\u00e9 o in\u00edcio de dezembro, apenas 1.972 arquivamentos de empresas e cooperativas com o objetivo de evitar o cancelamento administrativo. O chamamento p\u00fablico com a notifica\u00e7\u00e3o est\u00e1 ativo desde julho. Para [&hellip;]<\/p>\n","protected":false},"author":1,"featured_media":75608,"comment_status":"open","ping_status":"closed","sticky":false,"template":"","format":"standard","meta":{"amp_status":"","footnotes":""},"categories":[123],"tags":[50461,71504,71503,71505,32411,1032,71506],"class_list":["post-75607","post","type-post","status-publish","format-standard","has-post-thumbnail","hentry","category-gerais","tag-cancelamento-administrativo","tag-como-evitar-o-cancelamento-administrativo","tag-empresas-e-cooperativas-tem-ate-31-de-dezembro-para-evitar-o-cancelamento-administrativo","tag-evitar-cancelamento-administrativo","tag-jucemg","tag-junta-comercial-de-minas-gerais","tag-ligia-xenes"],"_links":{"self":[{"href":"https:\/\/aconteceunovale.com.br\/portal\/index.php?rest_route=\/wp\/v2\/posts\/75607","targetHints":{"allow":["GET"]}}],"collection":[{"href":"https:\/\/aconteceunovale.com.br\/portal\/index.php?rest_route=\/wp\/v2\/posts"}],"about":[{"href":"https:\/\/aconteceunovale.com.br\/portal\/index.php?rest_route=\/wp\/v2\/types\/post"}],"author":[{"embeddable":true,"href":"https:\/\/aconteceunovale.com.br\/portal\/index.php?rest_route=\/wp\/v2\/users\/1"}],"replies":[{"embeddable":true,"href":"https:\/\/aconteceunovale.com.br\/portal\/index.php?rest_route=%2Fwp%2Fv2%2Fcomments&post=75607"}],"version-history":[{"count":0,"href":"https:\/\/aconteceunovale.com.br\/portal\/index.php?rest_route=\/wp\/v2\/posts\/75607\/revisions"}],"wp:featuredmedia":[{"embeddable":true,"href":"https:\/\/aconteceunovale.com.br\/portal\/index.php?rest_route=\/wp\/v2\/media\/75608"}],"wp:attachment":[{"href":"https:\/\/aconteceunovale.com.br\/portal\/index.php?rest_route=%2Fwp%2Fv2%2Fmedia&parent=75607"}],"wp:term":[{"taxonomy":"category","embeddable":true,"href":"https:\/\/aconteceunovale.com.br\/portal\/index.php?rest_route=%2Fwp%2Fv2%2Fcategories&post=75607"},{"taxonomy":"post_tag","embeddable":true,"href":"https:\/\/aconteceunovale.com.br\/portal\/index.php?rest_route=%2Fwp%2Fv2%2Ftags&post=75607"}],"curies":[{"name":"wp","href":"https:\/\/api.w.org\/{rel}","templated":true}]}}