{"id":75602,"date":"2015-12-28T22:56:25","date_gmt":"2015-12-29T01:56:25","guid":{"rendered":"http:\/\/aconteceunovale.com.br\/portal\/?p=75602"},"modified":"2015-12-28T22:56:25","modified_gmt":"2015-12-29T01:56:25","slug":"setor-de-tecnologia-da-informacao-e-comunicacao-enxerga-oportunidades-na-crise","status":"publish","type":"post","link":"https:\/\/aconteceunovale.com.br\/portal\/?p=75602","title":{"rendered":"Setor de tecnologia da informa\u00e7\u00e3o e comunica\u00e7\u00e3o enxerga oportunidades na crise"},"content":{"rendered":"<p>O balan\u00e7o de 2015 para o setor brasileiro de tecnologia da informa\u00e7\u00e3o e comunica\u00e7\u00e3o pode ser dividido em duas etapas, avaliou hoje (28) o vice-presidente de Comunica\u00e7\u00e3o e Marketing da Federa\u00e7\u00e3o das Associa\u00e7\u00f5es das Empresas Brasileiras de Tecnologia da Informa\u00e7\u00e3o (Assespro Nacional), Gerino Xavier. \u201cO primeiro semestre foi bom. Todas as empresas ficaram com seus indicadores em um patamar confort\u00e1vel. No segundo semestre, come\u00e7ou o sentimento da crise que, eu acho, \u00e9 at\u00e9 muito mais grave que a pr\u00f3pria crise\u201d, avaliou.<\/p>\n<p>Segundo o vice-presidente da Assespro Nacional, no segundo semestre de 2015, os indicadores das empresas brasileiras de tecnologia da informa\u00e7\u00e3o e comunica\u00e7\u00e3o passaram por um per\u00edodo de maior observa\u00e7\u00e3o. \u201cO fato \u00e9 que o sentimento de crise atrapalhou alguns neg\u00f3cios de algumas empresas\u201d. A crise em si afetou de forma mais direta as companhias que trabalham com o setor p\u00fablico. \u201cTem estados que est\u00e3o sem pagar seus fornecedores h\u00e1 alguns meses\u201d.<\/p>\n<p>Xavier observou, por\u00e9m, que a crise apresenta, por outro lado, um aspecto bom. Como a tecnologia \u00e9 transversal aos v\u00e1rios setores da economia, crises sempre acabam trazendo oportunidades. \u201cCrise precisa de mais controle, de racionalizar custos, precisa aumentar a produtividade e isso s\u00f3 se torna exponencial com o uso de tecnologias\u201d. Para Xavier, o lado ruim disso \u00e9 que o ciclo de vendas aumenta e a dificuldade  para se vender \u00e9 muito maior.<\/p>\n<p>Al\u00e9m do setor de compras p\u00fablicas, o vice-presidente da Assespro Nacional citou a constru\u00e7\u00e3o civil e petr\u00f3leo e g\u00e1s entre os setores mais prejudicados pela crise na \u00e1rea de tecnologia da informa\u00e7\u00e3o e comunica\u00e7\u00e3o. O setor da constru\u00e7\u00e3o civil devido \u00e0 paralisa\u00e7\u00e3o das obras p\u00fablicas associadas ao esc\u00e2ndalo decorrente da Opera\u00e7\u00e3o Lava Jato, j\u00e1 o setor de petr\u00f3leo e g\u00e1s, n\u00e3o s\u00f3 pela queda de pre\u00e7o no mercado internacional, mas tamb\u00e9m pela crise em torno da Petrobras.<\/p>\n<p>Para Xavier, a tecnologia da informa\u00e7\u00e3o e comunica\u00e7\u00e3o \u00e9 indutora do crescimento econ\u00f4mico. \u201cEssa \u00e9 uma afirma\u00e7\u00e3o de car\u00e1ter global\u201d, destacou. Isso significa que para qualquer pa\u00eds crescer, ele precisa usar tecnologias modernas e inovadoras. Xavier lembrou que os pa\u00edses da Am\u00e9rica Latina que t\u00eam feito grandes investimentos no setor para melhorar a qualifica\u00e7\u00e3o de sua m\u00e3o de obra, para ampliar as exporta\u00e7\u00f5es e tornar as empresas mais eficientes e competitivas apresentam resultados melhores que os do Brasil, que adotou medidas que foram na \u201ccontram\u00e3o\u201d dos avan\u00e7os. Mencionou que a desonera\u00e7\u00e3o da folha, por exemplo, tornou o Brasil menos competitivo que seus vizinhos no continente. \u201cIsso afeta a cadeia produtiva toda e leva um tempo para a gente se estabilizar\u201d.<\/p>\n<p><strong>Ano de reflex\u00e3o<\/strong><\/p>\n<p>Para o presidente da Associa\u00e7\u00e3o das Empresas Brasileiras de Tecnologia da Informa\u00e7\u00e3o Regional Rio de Janeiro (Assespro-RJ), M\u00e1rcio Lacs, o ano de 2015 foi um ano \u201cde reflex\u00e3o\u201d para o setor de tecnologia da informa\u00e7\u00e3o e comunica\u00e7\u00e3o.<\/p>\n<p>Apesar do cen\u00e1rio de dificuldades e indefini\u00e7\u00f5es pol\u00edticas e econ\u00f4micas no pa\u00eds, Lacs destacou que o Rio de Janeiro apresenta vetores importantes como a Olimp\u00edada, que ocorrer\u00e1 na capital fluminense em 2016, e o setor de petr\u00f3leo e g\u00e1s. \u201cFoi um ano bem movimentado. Por um lado, algumas coisas andaram, outras n\u00e3o andaram tanto. Mas sempre, para a inform\u00e1tica, quando algumas coisas n\u00e3o andam, n\u00e3o quer dizer que n\u00e3o seja bom para as empresas\u201d.<\/p>\n<p>Lacs observou que a otimiza\u00e7\u00e3o depende sempre da tecnologia. Ele diz que os contratos s\u00e3o revistos, mas a oportunidade de inova\u00e7\u00e3o se faz mais presente ainda para otimizar e melhorar. \u201cA gente v\u00ea processos sendo repensados e isso traz muita oportunidade para o nosso setor\u201d.<\/p>\n<p>O presidente do Sindicato das Empresas de Inform\u00e1tica do Rio de Janeiro (TI Rio), Benito Paret, avaliou que o estado \u201cn\u00e3o foi muito bem sucedido\u201d em tecnologia da informa\u00e7\u00e3o este ano. \u201cEntre os estados do Sudeste, o Rio de Janeiro teve o desempenho pior\u201d, apontou. A quebra da cadeia produtiva de petr\u00f3leo e g\u00e1s gerou um baque grande para muitas empresas. Outros setores da atividade econ\u00f4mica, por\u00e9m, tiveram desempenho positivo.<\/p>\n<p>\u201cN\u00e3o temos ainda uma crise no setor de tecnologia da informa\u00e7\u00e3o e comunica\u00e7\u00e3o instalada no Rio de Janeiro\u201d, assegurou Paret, embora a situa\u00e7\u00e3o aponte para uma estagna\u00e7\u00e3o, principalmente nas empresas que estavam focadas na \u00e1rea de petr\u00f3leo e g\u00e1s, incluindo as \u00e1reas naval e de log\u00edstica. As outras empresas \u201cest\u00e3o levando o barco\u201d, disse o presidente do TI Rio. O ambiente de incerteza macro no pa\u00eds impede que o setor arrisque fazer proje\u00e7\u00f5es para o pr\u00f3ximo ano.<\/p>\n<p>M\u00e1rcio Lacs reconheceu que para as grandes empresas, 2015 n\u00e3o foi um ano positivo, porque a maior contratante, que \u00e9 a Petrobras, enfrentou s\u00e9rias dificuldades. J\u00e1 os programas de startups (empresas inovadoras de base tecnol\u00f3gica) se consolidaram no Rio de Janeiro. As m\u00e9dias empresas, que s\u00e3o empresas de escala, est\u00e3o se beneficiando mais das oportunidades que aparecem, sinalizou o presidente da Assespro-RJ.<\/p>\n<p><strong>Perspectivas<\/strong><\/p>\n<p>Como o principal congresso mundial de tecnologia da informa\u00e7\u00e3o e comunica\u00e7\u00e3o ocorrer\u00e1 no Brasil, em outubro do pr\u00f3ximo ano, o vice-presidente da Assespro Nacional, Gerino Xavier, analisou que isso trar\u00e1 muita visibilidade para o setor. \u201cAlgumas cadeias produtivas internacionais passam a enxergar o Brasil de forma diferente e n\u00f3s apostamos que no cen\u00e1rio da internacionaliza\u00e7\u00e3o, teremos melhores indicadores\u201d. No plano nacional, disse que ainda fica dif\u00edcil fazer progn\u00f3sticos. \u201cA ordem do dia \u00e9 cautela\u201d, sinalizou.<\/p>\n<p>Embora seja considerado o s\u00e9timo maior mercado de tecnologia do mundo, Gerino Xavier disse que o governo devia apoiar mais o setor, porque garante emprego de qualidade que gera riqueza para o pa\u00eds. Ele salientou que o Brasil ainda exporta pouco software (programa de computador). \u201cE quando algu\u00e9m compra software, est\u00e1 comprando intelig\u00eancia. Intelig\u00eancia \u00e9 a melhor coisa para se produzir, porque n\u00f3s qualificamos o nosso povo. Quando a gente compra intelig\u00eancia, estamos penalizando nosso povo, nossos pesquisadores, nossos profissionais\u201d.<\/p>\n<p>Na avalia\u00e7\u00e3o de Gerino Xavier, o Brasil precisa ter pol\u00edticas p\u00fablicas que estimulem a cria\u00e7\u00e3o de solu\u00e7\u00f5es de softwares nacionais para diversas \u00e1reas, como sa\u00fade e seguran\u00e7a, por exemplo. Falta uma pol\u00edtica p\u00fablica que aproxime a academia, o mercado fornecedor e o mercado comprador. \u201cE o ator indutor de tudo isso \u00e9 o governo\u201d.<\/p>\n<p>O presidente da Assespro-RJ, M\u00e1rcio Lacs, concordou que apesar da crise, o cen\u00e1rio para 2016 \u00e9 de expectativa otimista para o setor de tecnologia da informa\u00e7\u00e3o e comunica\u00e7\u00e3o do Brasil. \u201cN\u00f3s vamos trabalhar para que cada um encontre o seu espa\u00e7o. A gente tem a sorte de trabalhar com algo que est\u00e1 vinculado \u00e0 inova\u00e7\u00e3o, \u00e0 otimiza\u00e7\u00e3o. Acho que vai ser um bom momento para a gente. Pelo menos, oportunidades v\u00e3o existir\u201d, concluiu. (Ag\u00eancia Brasil)<\/p>\n","protected":false},"excerpt":{"rendered":"<p>O balan\u00e7o de 2015 para o setor brasileiro de tecnologia da informa\u00e7\u00e3o e comunica\u00e7\u00e3o pode ser dividido em duas etapas, avaliou hoje (28) o vice-presidente de Comunica\u00e7\u00e3o e Marketing da Federa\u00e7\u00e3o das Associa\u00e7\u00f5es das Empresas Brasileiras de Tecnologia da Informa\u00e7\u00e3o (Assespro Nacional), Gerino Xavier. \u201cO primeiro semestre foi bom. Todas as empresas ficaram com seus [&hellip;]<\/p>\n","protected":false},"author":1,"featured_media":75603,"comment_status":"open","ping_status":"closed","sticky":false,"template":"","format":"standard","meta":{"amp_status":"","footnotes":""},"categories":[6,40247],"tags":[71493,71497,22389,51256,42565,71498,71495,71491,71487,71485,71488,71486,71492,71496,71489,71484,26950,46642,71494,71490],"class_list":["post-75602","post","type-post","status-publish","format-standard","has-post-thumbnail","hentry","category-br","category-tecnologia-2","tag-assespro","tag-assespro-nacional","tag-balanco","tag-comunicacao","tag-crise","tag-gerino-xavier","tag-mao-de-obra","tag-oportunidades","tag-oportunidades-comunicacao","tag-oportunidades-na-crise","tag-oportunidades-setor-de-tecnologia-da-informacao-e-comunicacao","tag-oportunidades-tecnologia-da-informacao","tag-perspectivas","tag-restrospectiva-2015","tag-setor-de-tecnologia-da-informacao-e-comunicacao","tag-setor-de-tecnologia-da-informacao-e-comunicacao-enxerga-oportunidades-na-crise","tag-software","tag-tecnologia-da-informacao","tag-ti-rio","tag-tic"],"_links":{"self":[{"href":"https:\/\/aconteceunovale.com.br\/portal\/index.php?rest_route=\/wp\/v2\/posts\/75602","targetHints":{"allow":["GET"]}}],"collection":[{"href":"https:\/\/aconteceunovale.com.br\/portal\/index.php?rest_route=\/wp\/v2\/posts"}],"about":[{"href":"https:\/\/aconteceunovale.com.br\/portal\/index.php?rest_route=\/wp\/v2\/types\/post"}],"author":[{"embeddable":true,"href":"https:\/\/aconteceunovale.com.br\/portal\/index.php?rest_route=\/wp\/v2\/users\/1"}],"replies":[{"embeddable":true,"href":"https:\/\/aconteceunovale.com.br\/portal\/index.php?rest_route=%2Fwp%2Fv2%2Fcomments&post=75602"}],"version-history":[{"count":0,"href":"https:\/\/aconteceunovale.com.br\/portal\/index.php?rest_route=\/wp\/v2\/posts\/75602\/revisions"}],"wp:featuredmedia":[{"embeddable":true,"href":"https:\/\/aconteceunovale.com.br\/portal\/index.php?rest_route=\/wp\/v2\/media\/75603"}],"wp:attachment":[{"href":"https:\/\/aconteceunovale.com.br\/portal\/index.php?rest_route=%2Fwp%2Fv2%2Fmedia&parent=75602"}],"wp:term":[{"taxonomy":"category","embeddable":true,"href":"https:\/\/aconteceunovale.com.br\/portal\/index.php?rest_route=%2Fwp%2Fv2%2Fcategories&post=75602"},{"taxonomy":"post_tag","embeddable":true,"href":"https:\/\/aconteceunovale.com.br\/portal\/index.php?rest_route=%2Fwp%2Fv2%2Ftags&post=75602"}],"curies":[{"name":"wp","href":"https:\/\/api.w.org\/{rel}","templated":true}]}}