{"id":75594,"date":"2015-12-28T20:50:00","date_gmt":"2015-12-28T23:50:00","guid":{"rendered":"http:\/\/aconteceunovale.com.br\/portal\/?p=75594"},"modified":"2015-12-28T20:50:00","modified_gmt":"2015-12-28T23:50:00","slug":"prefeitura-de-braunas-divulga-edital-de-concurso-para-46-vagas-e-remuneracao-de-ate-r-13-31097","status":"publish","type":"post","link":"https:\/\/aconteceunovale.com.br\/portal\/?p=75594","title":{"rendered":"Prefeitura de Bra\u00fanas divulga edital de concurso para 46 vagas e remunera\u00e7\u00e3o de at\u00e9 R$ 13.310,97"},"content":{"rendered":"<p>A Prefeitura de Bra\u00fanas, no Leste de Minas Gerais, divulgou o edital n\u00ba 01\/2015 de concurso p\u00fablico, a ser executado pela empresa Exame Auditores e Consultores. De acordo com o regulamento, o sal\u00e1rio oferecido vai de R$ 788,00 a R$ 13.310,97, em carga hor\u00e1ria semanal de 16 at\u00e9 40 horas por semana.<\/p>\n<p>Ser\u00e3o contratados 46 novos profissionais de ensino fundamental, m\u00e9dio e superior, nos cargos de: Agentes de Endemias, Auxiliar de Sa\u00fade, Auxiliar de Secretaria Escolar, Farmac\u00eautico \u2013 Bioqu\u00edmico, Mec\u00e2nico De M\u00e1quinas\/Ve\u00edculos, M\u00e9dico, Merendeira Escolar, Odont\u00f3logo, Operador de M\u00e1quinas Agr\u00edcolas, Pedagogo, Professor de (Educa\u00e7\u00e3o F\u00edsica, Geografia, Historia, Ingl\u00eas, Matem\u00e1tica), Psic\u00f3logo, Recepcionista de Sa\u00fade, Secret\u00e1rio Escolar, T\u00e9cnico de Enfermagem e T\u00e9cnico de Higiene Dental.<\/p>\n<p>Os interessados em participar deste certame, devem efetuar suas inscri\u00e7\u00f5es a partir do dia 22 de fevereiro at\u00e9 21 de mar\u00e7o de 2016, pelo endere\u00e7o eletr\u00f4nico: <strong><a href=\"http:\/\/exameconsultores.com.br\/v3\/concurso\/312\/PM-de-Braunas\" target=\"_blank\">www.exameconsultores.com.br<\/a><\/strong>. O valor da taxa de inscri\u00e7\u00e3o vai de R$ 38,00 at\u00e9 R$ 150,00.<\/p>\n<p>A sele\u00e7\u00e3o dos inscritos se dar\u00e1 atrav\u00e9s de provas escrita objetiva, pr\u00e1tica e an\u00e1lise de t\u00edtulos, de acordo com os m\u00e9todos de avalia\u00e7\u00e3o de cada cargo.<\/p>\n<p>A prova objetiva est\u00e1 prevista para ser aplicada no dia 24 de abril de 2016, no munic\u00edpio de Bra\u00fanas\/MG, sendo que o local e hor\u00e1rio ser\u00e3o previamente informados no quadro de avisos da Prefeitura e no site acessado para realizar a inscri\u00e7\u00e3o. A prova pr\u00e1tica, para alguns cargos, tamb\u00e9m ser\u00e1 aplicada em 24 de abril de 2016, em local e hor\u00e1rio a serem informados em tempo oportuno.<\/p>\n<p>O concurso p\u00fablico ter\u00e1 validade de dois anos, contados a partir da data de homologa\u00e7\u00e3o do resultado final, podendo ser prorrogado por uma \u00fanica vez, por igual per\u00edodo, mediante ato do Prefeito Municipal.<\/p>\n","protected":false},"excerpt":{"rendered":"<p>A Prefeitura de Bra\u00fanas, no Leste de Minas Gerais, divulgou o edital n\u00ba 01\/2015 de concurso p\u00fablico, a ser executado pela empresa Exame Auditores e Consultores. De acordo com o regulamento, o sal\u00e1rio oferecido vai de R$ 788,00 a R$ 13.310,97, em carga hor\u00e1ria semanal de 16 at\u00e9 40 horas por semana. Ser\u00e3o contratados 46 [&hellip;]<\/p>\n","protected":false},"author":1,"featured_media":60179,"comment_status":"open","ping_status":"closed","sticky":false,"template":"","format":"standard","meta":{"amp_status":"","footnotes":""},"categories":[40237,40236,121],"tags":[276,71465,71462,71463,71466,71464,71467,71468,71469],"class_list":["post-75594","post","type-post","status-publish","format-standard","has-post-thumbnail","hentry","category-concursos","category-empregos-2","category-leste","tag-braunas","tag-concurso-braunas","tag-concurso-da-prefeitura-de-braunas","tag-concurso-publico-da-prefeitura-de-braunas","tag-edital-concurso-da-prefeitura-de-braunas","tag-emprego-braunas","tag-inscrever-concurso-da-prefeitura-de-braunas","tag-inscricao-concurso-da-prefeitura-de-braunas","tag-prefeitura-de-braunas-divulga-edital-de-concurso-para-46-vagas-e-remuneracao-de-ate-r-13-310"],"_links":{"self":[{"href":"https:\/\/aconteceunovale.com.br\/portal\/index.php?rest_route=\/wp\/v2\/posts\/75594","targetHints":{"allow":["GET"]}}],"collection":[{"href":"https:\/\/aconteceunovale.com.br\/portal\/index.php?rest_route=\/wp\/v2\/posts"}],"about":[{"href":"https:\/\/aconteceunovale.com.br\/portal\/index.php?rest_route=\/wp\/v2\/types\/post"}],"author":[{"embeddable":true,"href":"https:\/\/aconteceunovale.com.br\/portal\/index.php?rest_route=\/wp\/v2\/users\/1"}],"replies":[{"embeddable":true,"href":"https:\/\/aconteceunovale.com.br\/portal\/index.php?rest_route=%2Fwp%2Fv2%2Fcomments&post=75594"}],"version-history":[{"count":0,"href":"https:\/\/aconteceunovale.com.br\/portal\/index.php?rest_route=\/wp\/v2\/posts\/75594\/revisions"}],"wp:featuredmedia":[{"embeddable":true,"href":"https:\/\/aconteceunovale.com.br\/portal\/index.php?rest_route=\/wp\/v2\/media\/60179"}],"wp:attachment":[{"href":"https:\/\/aconteceunovale.com.br\/portal\/index.php?rest_route=%2Fwp%2Fv2%2Fmedia&parent=75594"}],"wp:term":[{"taxonomy":"category","embeddable":true,"href":"https:\/\/aconteceunovale.com.br\/portal\/index.php?rest_route=%2Fwp%2Fv2%2Fcategories&post=75594"},{"taxonomy":"post_tag","embeddable":true,"href":"https:\/\/aconteceunovale.com.br\/portal\/index.php?rest_route=%2Fwp%2Fv2%2Ftags&post=75594"}],"curies":[{"name":"wp","href":"https:\/\/api.w.org\/{rel}","templated":true}]}}