{"id":75586,"date":"2015-12-28T20:25:25","date_gmt":"2015-12-28T23:25:25","guid":{"rendered":"http:\/\/aconteceunovale.com.br\/portal\/?p=75586"},"modified":"2015-12-28T20:25:25","modified_gmt":"2015-12-28T23:25:25","slug":"suspeito-de-roubo-e-acorrentado-por-moradores-de-caratinga","status":"publish","type":"post","link":"https:\/\/aconteceunovale.com.br\/portal\/?p=75586","title":{"rendered":"Suspeito de roubo \u00e9 acorrentado por moradores de Caratinga"},"content":{"rendered":"<p>Quatro homens, com idades entre 18 e 41 anos, foram presos na tarde desta segunda-feira (28\/12\/2015) suspeitos de acorrentarem um jovem, de 27 anos, no Centro de Caratinga (MG). Segundo informa\u00e7\u00f5es da Pol\u00edcia Militar (PM), a v\u00edtima \u00e9 suspeita de roubar uma loja de materiais el\u00e9tricos na cidade.<\/p>\n<p>De acordo com a PM, a loja foi roubada na manh\u00e3 desta segunda-feira e, durante a tarde, o homem de 27 anos foi encontrado pelos quatro suspeitos. Eles acorrentaram as pernas dele e o colocaram dentro de um carro.<\/p>\n<p>Moradores da cidade viram a cena e acionaram a PM que conseguiu deter os quatro suspeitos com a v\u00edtima ainda dentro do ve\u00edculo. O homem n\u00e3o foi agredido.<\/p>\n<p>Todos os envolvidos foram detidos e encaminhados \u00e0 Pol\u00edcia Militar de Caratinga (MG) para registro do boletim de ocorr\u00eancia. A PM afirma que os quatro presos podem ser indiciados por exerc\u00edcio arbitr\u00e1rio das pr\u00f3prias raz\u00f5es (fazer justi\u00e7a com as pr\u00f3prias m\u00e3os).<\/p>\n<p><img decoding=\"async\" src=\"http:\/\/aconteceunovale.com.br\/portal\/wp-content\/uploads\/2015\/12\/acorrentado_caratinga.jpg\" alt=\"\" \/><em>Jovem foi acorrentado por ser o suspeito de roubar uma loja (Foto: Divulga\u00e7\u00e3o \/ PM)<\/em><br \/>\n<\/br><\/p>\n<p><em>(Fonte: Inter TV dos Vales \/ G1)<\/em><\/p>\n","protected":false},"excerpt":{"rendered":"<p>Quatro homens, com idades entre 18 e 41 anos, foram presos na tarde desta segunda-feira (28\/12\/2015) suspeitos de acorrentarem um jovem, de 27 anos, no Centro de Caratinga (MG). Segundo informa\u00e7\u00f5es da Pol\u00edcia Militar (PM), a v\u00edtima \u00e9 suspeita de roubar uma loja de materiais el\u00e9tricos na cidade. De acordo com a PM, a loja [&hellip;]<\/p>\n","protected":false},"author":1,"featured_media":75587,"comment_status":"open","ping_status":"closed","sticky":false,"template":"","format":"standard","meta":{"amp_status":"","footnotes":""},"categories":[121],"tags":[71454,237,71455,71453],"class_list":["post-75586","post","type-post","status-publish","format-standard","has-post-thumbnail","hentry","category-leste","tag-acorrentado-em-caratinga","tag-caratinga","tag-ladrao-acorrentado-em-caratinga","tag-suspeito-de-roubo-e-acorrentado-por-moradores-de-caratinga"],"_links":{"self":[{"href":"https:\/\/aconteceunovale.com.br\/portal\/index.php?rest_route=\/wp\/v2\/posts\/75586","targetHints":{"allow":["GET"]}}],"collection":[{"href":"https:\/\/aconteceunovale.com.br\/portal\/index.php?rest_route=\/wp\/v2\/posts"}],"about":[{"href":"https:\/\/aconteceunovale.com.br\/portal\/index.php?rest_route=\/wp\/v2\/types\/post"}],"author":[{"embeddable":true,"href":"https:\/\/aconteceunovale.com.br\/portal\/index.php?rest_route=\/wp\/v2\/users\/1"}],"replies":[{"embeddable":true,"href":"https:\/\/aconteceunovale.com.br\/portal\/index.php?rest_route=%2Fwp%2Fv2%2Fcomments&post=75586"}],"version-history":[{"count":0,"href":"https:\/\/aconteceunovale.com.br\/portal\/index.php?rest_route=\/wp\/v2\/posts\/75586\/revisions"}],"wp:featuredmedia":[{"embeddable":true,"href":"https:\/\/aconteceunovale.com.br\/portal\/index.php?rest_route=\/wp\/v2\/media\/75587"}],"wp:attachment":[{"href":"https:\/\/aconteceunovale.com.br\/portal\/index.php?rest_route=%2Fwp%2Fv2%2Fmedia&parent=75586"}],"wp:term":[{"taxonomy":"category","embeddable":true,"href":"https:\/\/aconteceunovale.com.br\/portal\/index.php?rest_route=%2Fwp%2Fv2%2Fcategories&post=75586"},{"taxonomy":"post_tag","embeddable":true,"href":"https:\/\/aconteceunovale.com.br\/portal\/index.php?rest_route=%2Fwp%2Fv2%2Ftags&post=75586"}],"curies":[{"name":"wp","href":"https:\/\/api.w.org\/{rel}","templated":true}]}}