{"id":75583,"date":"2015-12-28T19:59:27","date_gmt":"2015-12-28T22:59:27","guid":{"rendered":"http:\/\/aconteceunovale.com.br\/portal\/?p=75583"},"modified":"2015-12-28T19:59:27","modified_gmt":"2015-12-28T22:59:27","slug":"populacao-fecha-ferrovia-em-protesto-contra-captacao-de-agua-do-rio-doce-em-resplendor","status":"publish","type":"post","link":"https:\/\/aconteceunovale.com.br\/portal\/?p=75583","title":{"rendered":"Popula\u00e7\u00e3o fecha ferrovia em protesto contra capta\u00e7\u00e3o de \u00e1gua do Rio Doce em Resplendor"},"content":{"rendered":"<p>Inseguros em rela\u00e7\u00e3o \u00e0 qualidade da \u00e1gua do Rio Doce, moradores de Resplendor atearam fogo em pneus e fecharam a Estrada de Ferro Vit\u00f3ria a Minas (EFVM) nesta segunda-feira (28\/12\/2015) em protesto contra o poss\u00edvel retorno da capta\u00e7\u00e3o da \u00e1gua do rio. O munic\u00edpio \u00e9 um dos mais afetados pelo rompimento da barragem de rejeitos de Fund\u00e3o, em Mariana, na regi\u00e3o Central.<\/p>\n<p>&#8220;A popula\u00e7\u00e3o est\u00e1 com medo da qualidade da \u00e1gua e decidiu fechar a linha f\u00e9rrea, que pertence a Vale, e \u00e9 usada para transporte de min\u00e9rio e passageiros, est\u00e1 tudo parado&#8221;, afirmou o jornalista e morador de Resplendor, St\u00e9phano Mattos. Segundo ele, cerca de 500 pessoas participam do protesto.<\/p>\n<p><img decoding=\"async\" src=\"http:\/\/aconteceunovale.com.br\/portal\/wp-content\/uploads\/2015\/12\/protesto_resplendor.jpg\" alt=\"\" \/><em>Popula\u00e7\u00e3o bloqueia ferrovia em Resplendor &#8211; Foto: St\u00e9phano Mattos \/ Reprodu\u00e7\u00e3o O Tempo<\/em><br \/>\n<\/br><\/p>\n<p>Em nota, a Copasa informou que, devido \u00e0 interrup\u00e7\u00e3o da capta\u00e7\u00e3o de \u00e1gua no Rio Doce, a cidade est\u00e1 sendo abastecida com a \u00e1gua dos c\u00f3rregos Santana e Barroso e de po\u00e7o artesiano. No entanto, com a seca prolongada, essa \u00e1gua n\u00e3o tem sido suficiente para abastecer o munic\u00edpio e, por isso, o sistema de rod\u00edzio foi implantado. Para complementar o abastecimento, a empresa vai realizar, na noite desta segunda-feira (28\/12), um teste da qualidade da \u00e1gua do Rio Doce, interrompendo o fornecimento de \u00e1gua ao munic\u00edpio.<\/p>\n<p>A empresa ressaltou que a \u00e1gua tratada do Rio Doce somente ser\u00e1 distribu\u00edda \u00e0 popula\u00e7\u00e3o &#8220;ap\u00f3s os resultados dos testes comprovarem sua potabilidade, conforme padr\u00f5es do Minist\u00e9rio da Sa\u00fade&#8221;. J\u00e1 a assessoria de imprensa da Vale n\u00e3o foi encontrada para comentar o fechamento da linha f\u00e9rrea.<\/p>\n<p><strong>V\u00eddeo: moradores fecham linha f\u00e9rrea de Resplendor<\/strong><\/p>\n<p><iframe loading=\"lazy\" width=\"640\" height=\"360\" src=\"https:\/\/www.youtube.com\/embed\/uxxR6jrOYLM\" frameborder=\"0\" allowfullscreen><\/iframe><br \/>\n<\/br><\/p>\n<p><em>(Fonte: O Tempo \/ Rep\u00f3rter: Rafaela Mansur)<\/em><\/p>\n","protected":false},"excerpt":{"rendered":"<p>Inseguros em rela\u00e7\u00e3o \u00e0 qualidade da \u00e1gua do Rio Doce, moradores de Resplendor atearam fogo em pneus e fecharam a Estrada de Ferro Vit\u00f3ria a Minas (EFVM) nesta segunda-feira (28\/12\/2015) em protesto contra o poss\u00edvel retorno da capta\u00e7\u00e3o da \u00e1gua do rio. O munic\u00edpio \u00e9 um dos mais afetados pelo rompimento da barragem de rejeitos [&hellip;]<\/p>\n","protected":false},"author":1,"featured_media":75584,"comment_status":"open","ping_status":"closed","sticky":false,"template":"","format":"standard","meta":{"amp_status":"","footnotes":""},"categories":[121],"tags":[71177,65265,59520,66374,71447,27760,26413,71452,71446,66376,71448,7363,71450,71451,67595,309,32642,71449],"class_list":["post-75583","post","type-post","status-publish","format-standard","has-post-thumbnail","hentry","category-leste","tag-agua-do-rio-doce","tag-barragem-de-fundao","tag-bento-rodrigues","tag-bloqueio-da-efvm","tag-bloqueio-da-estrada-de-ferro-vitoria-a-minas","tag-efvm","tag-estrada-de-ferro-vitoria-a-minas","tag-fernanda-puccini-venturin","tag-inseguros-em-relacao-a-qualidade-da-agua-do-rio-doce","tag-interdicao-da-efvm","tag-interdicao-da-estrada-de-ferro-vitoria-a-minas","tag-mariana","tag-populacao-bloqueia-ferrovia-em-resplendor","tag-populacao-fecha-ferrovia-em-protesto-contra-captacao-de-agua-do-rio-doce-em-resplendor","tag-qualidade-da-agua-do-rio-doce","tag-resplendor","tag-samarco","tag-stephano-mattos"],"_links":{"self":[{"href":"https:\/\/aconteceunovale.com.br\/portal\/index.php?rest_route=\/wp\/v2\/posts\/75583","targetHints":{"allow":["GET"]}}],"collection":[{"href":"https:\/\/aconteceunovale.com.br\/portal\/index.php?rest_route=\/wp\/v2\/posts"}],"about":[{"href":"https:\/\/aconteceunovale.com.br\/portal\/index.php?rest_route=\/wp\/v2\/types\/post"}],"author":[{"embeddable":true,"href":"https:\/\/aconteceunovale.com.br\/portal\/index.php?rest_route=\/wp\/v2\/users\/1"}],"replies":[{"embeddable":true,"href":"https:\/\/aconteceunovale.com.br\/portal\/index.php?rest_route=%2Fwp%2Fv2%2Fcomments&post=75583"}],"version-history":[{"count":0,"href":"https:\/\/aconteceunovale.com.br\/portal\/index.php?rest_route=\/wp\/v2\/posts\/75583\/revisions"}],"wp:featuredmedia":[{"embeddable":true,"href":"https:\/\/aconteceunovale.com.br\/portal\/index.php?rest_route=\/wp\/v2\/media\/75584"}],"wp:attachment":[{"href":"https:\/\/aconteceunovale.com.br\/portal\/index.php?rest_route=%2Fwp%2Fv2%2Fmedia&parent=75583"}],"wp:term":[{"taxonomy":"category","embeddable":true,"href":"https:\/\/aconteceunovale.com.br\/portal\/index.php?rest_route=%2Fwp%2Fv2%2Fcategories&post=75583"},{"taxonomy":"post_tag","embeddable":true,"href":"https:\/\/aconteceunovale.com.br\/portal\/index.php?rest_route=%2Fwp%2Fv2%2Ftags&post=75583"}],"curies":[{"name":"wp","href":"https:\/\/api.w.org\/{rel}","templated":true}]}}