{"id":75574,"date":"2015-12-28T19:03:18","date_gmt":"2015-12-28T22:03:18","guid":{"rendered":"http:\/\/aconteceunovale.com.br\/portal\/?p=75574"},"modified":"2015-12-28T19:03:18","modified_gmt":"2015-12-28T22:03:18","slug":"feriado-de-natal-termina-com-41-mortos-e-697-feridos-nas-rodovias-de-minas-gerais","status":"publish","type":"post","link":"https:\/\/aconteceunovale.com.br\/portal\/?p=75574","title":{"rendered":"Feriado de Natal termina com 41 mortos e 697 feridos nas rodovias de Minas Gerais"},"content":{"rendered":"<p>A Pol\u00edcia Rodovi\u00e1ria Federal (PRF) e a Pol\u00edcia Militar Rodovi\u00e1ria (PMRv) divulgaram nesta segunda-feira, 28 de dezembro, os relat\u00f3rios dos acidentes registrados nas rodovias que cortam o Estado de Minas Gerais durante o feriado prolongado de Natal em 2015. As rodovias federais tiveram 27 mortos e 438 feridos em 358 acidentes. J\u00e1 nas estaduais foram 14 \u00f3bitos, 259 feridos e 209 acidentes. <\/p>\n<p>No total, 41 pessoas perderam a vida nas rodovias de Minas Gerais. Os relat\u00f3rios apontam que o n\u00famero cresceu 24% em compara\u00e7\u00e3o com o ano anterior. Em 2014 foram 19 mortes, 366 feridos e 358 acidentes nas federais, enquanto 14 morreram e 304 se feriram em 283 ocorr\u00eancias nas estradas estaduais. <\/p>\n<p>No per\u00edodo, a PM fez 1.756 testes do etil\u00f4metro. Foram 38 presos por embriaguez ao volante. Al\u00e9m disso, foram autuados 467 motoristas sem carteira e outros 174 tiveram o documento em situa\u00e7\u00e3o irregular recolhido. <\/p>\n<p>Segundo a PRF, &#8220;as ultrapassagens irregulares, a velocidade incompat\u00edvel, a falta de aten\u00e7\u00e3o foram as principais causas dos acidentes&#8221;. Al\u00e9m disso, a ocorr\u00eancia de chuvas durante a semana contribuiu para a ocorr\u00eancia de muitos acidentes graves, pois a chuva sempre \u00e9 um fator complicador no tr\u00e2nsito&#8221;, aponta o comunicado policial. <\/p>\n<p>Como a previs\u00e3o do tempo aponta um fim de ano chuvoso, a PRF pede a colabora\u00e7\u00e3o dos motoristas para que respeitem as leis de tr\u00e2nsito e dirijam em seguran\u00e7a &#8220;para que tenhamos uma semana menos violenta nas rodovias mineiras&#8221;. <\/p>\n<p>Os n\u00fameros da PMRv se referem aos dias 24 a 27 de dezembro. A PRF contabiliza ocorr\u00eancias entre 21 e 27.<\/p>\n<p><img decoding=\"async\" src=\"http:\/\/aconteceunovale.com.br\/portal\/wp-content\/uploads\/2015\/12\/acidentes_rodovias_natal.jpg\" alt=\"\" \/><em>Batida frontal deixou um morto na BR-040, em Itabirito (Foto: Corpo de Bombeiros \/ Divulga\u00e7\u00e3o)<\/em><br \/>\n<\/br><\/p>\n<p><em>(Fonte: Record Minas \/ R7)<\/em><\/p>\n","protected":false},"excerpt":{"rendered":"<p>A Pol\u00edcia Rodovi\u00e1ria Federal (PRF) e a Pol\u00edcia Militar Rodovi\u00e1ria (PMRv) divulgaram nesta segunda-feira, 28 de dezembro, os relat\u00f3rios dos acidentes registrados nas rodovias que cortam o Estado de Minas Gerais durante o feriado prolongado de Natal em 2015. As rodovias federais tiveram 27 mortos e 438 feridos em 358 acidentes. J\u00e1 nas estaduais foram [&hellip;]<\/p>\n","protected":false},"author":1,"featured_media":75575,"comment_status":"open","ping_status":"closed","sticky":false,"template":"","format":"standard","meta":{"amp_status":"","footnotes":""},"categories":[123],"tags":[71431,2361,71432,71429,71430,71428,71435,71434,71433],"class_list":["post-75574","post","type-post","status-publish","format-standard","has-post-thumbnail","hentry","category-gerais","tag-acidentes-no-feriado-de-natal","tag-acidentes-no-feriado-de-natal-em-minas-gerais","tag-balanco-de-acidentes-no-feriado-de-natal","tag-feriado-de-natal","tag-feriado-de-natal-2015","tag-feriado-de-natal-termina-com-41-mortos-e-697-feridos-nas-rodovias-de-minas-gerais","tag-numero-de-acidentes-no-feriado-de-natal","tag-numero-de-feridos-no-feriado-de-natal","tag-numero-de-mortos-no-feriado-de-natal"],"_links":{"self":[{"href":"https:\/\/aconteceunovale.com.br\/portal\/index.php?rest_route=\/wp\/v2\/posts\/75574","targetHints":{"allow":["GET"]}}],"collection":[{"href":"https:\/\/aconteceunovale.com.br\/portal\/index.php?rest_route=\/wp\/v2\/posts"}],"about":[{"href":"https:\/\/aconteceunovale.com.br\/portal\/index.php?rest_route=\/wp\/v2\/types\/post"}],"author":[{"embeddable":true,"href":"https:\/\/aconteceunovale.com.br\/portal\/index.php?rest_route=\/wp\/v2\/users\/1"}],"replies":[{"embeddable":true,"href":"https:\/\/aconteceunovale.com.br\/portal\/index.php?rest_route=%2Fwp%2Fv2%2Fcomments&post=75574"}],"version-history":[{"count":0,"href":"https:\/\/aconteceunovale.com.br\/portal\/index.php?rest_route=\/wp\/v2\/posts\/75574\/revisions"}],"wp:featuredmedia":[{"embeddable":true,"href":"https:\/\/aconteceunovale.com.br\/portal\/index.php?rest_route=\/wp\/v2\/media\/75575"}],"wp:attachment":[{"href":"https:\/\/aconteceunovale.com.br\/portal\/index.php?rest_route=%2Fwp%2Fv2%2Fmedia&parent=75574"}],"wp:term":[{"taxonomy":"category","embeddable":true,"href":"https:\/\/aconteceunovale.com.br\/portal\/index.php?rest_route=%2Fwp%2Fv2%2Fcategories&post=75574"},{"taxonomy":"post_tag","embeddable":true,"href":"https:\/\/aconteceunovale.com.br\/portal\/index.php?rest_route=%2Fwp%2Fv2%2Ftags&post=75574"}],"curies":[{"name":"wp","href":"https:\/\/api.w.org\/{rel}","templated":true}]}}