{"id":75485,"date":"2015-12-27T19:25:44","date_gmt":"2015-12-27T22:25:44","guid":{"rendered":"http:\/\/aconteceunovale.com.br\/portal\/?p=75485"},"modified":"2015-12-27T19:25:44","modified_gmt":"2015-12-27T22:25:44","slug":"associacao-dos-catadores-de-conceicao-do-mato-dentro-completa-dois-anos-e-comemora-bons-resultados","status":"publish","type":"post","link":"https:\/\/aconteceunovale.com.br\/portal\/?p=75485","title":{"rendered":"Associa\u00e7\u00e3o dos catadores de Concei\u00e7\u00e3o do Mato Dentro completa dois anos e comemora bons resultados"},"content":{"rendered":"<p>A Associa\u00e7\u00e3o dos Catadores de Materiais Recicl\u00e1veis de Concei\u00e7\u00e3o do Mato Dentro (Ascamato) completou dois anos de atividades em outubro deste ano. E os resultados obtidos em t\u00e3o pouco tempo s\u00e3o satisfat\u00f3rios. Os envolvidos j\u00e1 computam mais de 316 mil quilos de res\u00edduos comercializados. Um refor\u00e7o para o meio ambiente e uma importante ferramenta de valoriza\u00e7\u00e3o social.<\/p>\n<p>A Ascamato foi fundada em outubro de 2013, por meio de uma parceria entre a Prefeitura de Concei\u00e7\u00e3o do Mato Dentro e empresa Anglo American, atrav\u00e9s de uma condicionante imposta \u00e0 mineradora. A entidade, hoje, conta com seis associados e dois ajudantes e \u00e9 respons\u00e1vel pela coleta de materiais recicl\u00e1veis em resid\u00eancias e estabelecimentos comerciais de determinados bairros do munic\u00edpio.<\/p>\n<p>De acordo com a ge\u00f3grafa e ambientalista Camilla Raj\u00e3o, coordenadora da coleta seletiva de lixo em Concei\u00e7\u00e3o, esse tipo de parceria entre prefeitura e associa\u00e7\u00e3o de catadores \u00e9 rara em Minas Gerais. \u201cS\u00f3 conhe\u00e7o Concei\u00e7\u00e3o que faz isso. Uma das vantagens \u00e9 que reduz os custos. Fica muito mais barato pagar a Ascamato para fazer esse servi\u00e7o do que contratar uma empresa, como \u00e9 feito com o lixo comum. Al\u00e9m da quest\u00e3o social, claro. \u00c9 uma forma de garantir uma renda fixa aos catadores, para que eles n\u00e3o dependam apenas da comercializa\u00e7\u00e3o dos res\u00edduos, que \u00e9 vari\u00e1vel\u201d, comenta.<\/p>\n<p>A primeira comercializa\u00e7\u00e3o dos catadores ocorreu em abril de 2014, pouco depois da inaugura\u00e7\u00e3o da Usina de Triagem e Compostagem (UTC). De l\u00e1 para c\u00e1, j\u00e1 foram 316.549 quilos de recicl\u00e1veis vendidos. E como funciona isso? \u201cTodo material recicl\u00e1vel recolhido \u00e9 triado na usina, fardado e enviado para uma recicladora parceira em Belo Horizonte. Toda renda gerada vai para os associados\u201d, responde Camilla.  <\/p>\n<p>De acordo com a coordenador, cada associado consegue retirar, em m\u00e9dia R$ 1 mil, por m\u00eas, com a venda dos materiais. Isso al\u00e9m do que a associa\u00e7\u00e3o arrecada com o contrato que mant\u00e9m com a prefeitura. A Anglo Am\u00e9rica tamb\u00e9m ajuda, desde novembro do ano passado, com doa\u00e7\u00e3o de res\u00edduos recicl\u00e1veis a cada 15 dias.<\/p>\n<p>Camilla explica que a Ascamato atualmente recolhe materiais em dez bairros de Concei\u00e7\u00e3o do Mato Dentro. Mas a expectativa \u00e9 de crescimento em breve. \u201cEstamos crescendo aos poucos, adquirindo ve\u00edculos e aumentando o pessoal\u201d, diz a ambientalista. \u201c\u00c9, sem d\u00favida, um trabalho ambiental e totalmente social\u201d, finaliza. <\/p>\n<p><img decoding=\"async\" src=\"http:\/\/aconteceunovale.com.br\/portal\/wp-content\/uploads\/2015\/12\/ascamato_cmd.jpg\" alt=\"\" \/><em>Ascamato comemora bons resultados no segundo anivers\u00e1rio &#8211; Foto: Divulga\u00e7\u00e3o<\/em><br \/>\n<\/br><\/p>\n<p><em>(Via Defato Online)<\/em><\/p>\n","protected":false},"excerpt":{"rendered":"<p>A Associa\u00e7\u00e3o dos Catadores de Materiais Recicl\u00e1veis de Concei\u00e7\u00e3o do Mato Dentro (Ascamato) completou dois anos de atividades em outubro deste ano. E os resultados obtidos em t\u00e3o pouco tempo s\u00e3o satisfat\u00f3rios. Os envolvidos j\u00e1 computam mais de 316 mil quilos de res\u00edduos comercializados. Um refor\u00e7o para o meio ambiente e uma importante ferramenta de [&hellip;]<\/p>\n","protected":false},"author":1,"featured_media":75486,"comment_status":"open","ping_status":"closed","sticky":false,"template":"","format":"standard","meta":{"amp_status":"","footnotes":""},"categories":[123],"tags":[71290,71289,71288,71287,71291,71292],"class_list":["post-75485","post","type-post","status-publish","format-standard","has-post-thumbnail","hentry","category-gerais","tag-ascamato","tag-associacao-dos-catadores-de-conceicao-do-mato-dentro-comemora-bons-resultados","tag-associacao-dos-catadores-de-conceicao-do-mato-dentro-completa-dois-anos","tag-associacao-dos-catadores-de-conceicao-do-mato-dentro-completa-dois-anos-e-comemora-bons-resultados","tag-associacao-dos-catadores-de-materiais-reciclaveis-de-conceicao-do-mato-dentro","tag-camilla-rajao"],"_links":{"self":[{"href":"https:\/\/aconteceunovale.com.br\/portal\/index.php?rest_route=\/wp\/v2\/posts\/75485","targetHints":{"allow":["GET"]}}],"collection":[{"href":"https:\/\/aconteceunovale.com.br\/portal\/index.php?rest_route=\/wp\/v2\/posts"}],"about":[{"href":"https:\/\/aconteceunovale.com.br\/portal\/index.php?rest_route=\/wp\/v2\/types\/post"}],"author":[{"embeddable":true,"href":"https:\/\/aconteceunovale.com.br\/portal\/index.php?rest_route=\/wp\/v2\/users\/1"}],"replies":[{"embeddable":true,"href":"https:\/\/aconteceunovale.com.br\/portal\/index.php?rest_route=%2Fwp%2Fv2%2Fcomments&post=75485"}],"version-history":[{"count":0,"href":"https:\/\/aconteceunovale.com.br\/portal\/index.php?rest_route=\/wp\/v2\/posts\/75485\/revisions"}],"wp:featuredmedia":[{"embeddable":true,"href":"https:\/\/aconteceunovale.com.br\/portal\/index.php?rest_route=\/wp\/v2\/media\/75486"}],"wp:attachment":[{"href":"https:\/\/aconteceunovale.com.br\/portal\/index.php?rest_route=%2Fwp%2Fv2%2Fmedia&parent=75485"}],"wp:term":[{"taxonomy":"category","embeddable":true,"href":"https:\/\/aconteceunovale.com.br\/portal\/index.php?rest_route=%2Fwp%2Fv2%2Fcategories&post=75485"},{"taxonomy":"post_tag","embeddable":true,"href":"https:\/\/aconteceunovale.com.br\/portal\/index.php?rest_route=%2Fwp%2Fv2%2Ftags&post=75485"}],"curies":[{"name":"wp","href":"https:\/\/api.w.org\/{rel}","templated":true}]}}