{"id":75420,"date":"2015-12-26T14:06:52","date_gmt":"2015-12-26T17:06:52","guid":{"rendered":"http:\/\/aconteceunovale.com.br\/portal\/?p=75420"},"modified":"2015-12-26T14:07:14","modified_gmt":"2015-12-26T17:07:14","slug":"dois-adolescentes-sao-assassinados-na-mesma-noite-em-almenara","status":"publish","type":"post","link":"https:\/\/aconteceunovale.com.br\/portal\/?p=75420","title":{"rendered":"Dois adolescentes s\u00e3o assassinados na mesma noite em Almenara"},"content":{"rendered":"<p>Dois adolescentes foram assassinados na mesma noite em Almenara, no Vale do Jequitinhonha. Segundo informa\u00e7\u00f5es da Pol\u00edcia, o menor Carlos Alberto Silva Dias, de 15 anos, foi morto no in\u00edcio da madrugada deste s\u00e1bado (26\/12). O corpo foi encontrado em um beco que liga as ruas Coronel Pedro Ant\u00f4nio Fonseca e Trazibulo Jason Coelho, no bairro Tereza Cristina. Testemunhas teriam visto um homem fugindo do local em uma moto, logo ap\u00f3s o crime. <\/p>\n<p>Tamb\u00e9m em Almenara, na fim da noite dessa sexta-feira (25\/12), o adolescente Jo\u00e3o Victor Fernandes de Souza, de 14 anos, foi assassinado com um tiro nas costas na rua H, no bairro Monte das Oliveiras. A PM informou que a bala teria atravessado o peito da v\u00edtima. Um jovem de 17 anos \u00e9 o suspeito do crime.<\/p>\n<p>Na tarde de sexta-feira (25\/12), um homem foi atingido por disparos de arma de fogo em frente ao beco onde Carlos Alberto foi assassinado. O suspeito desse crime seria o mesmo adolescente apontado por denunciantes an\u00f4nimo como autor do homic\u00eddio registrado na rua H. <\/p>\n<p>Ainda segundo a Pol\u00edcia, os dois adolescentes assassinados seriam amigos e ambos eram contumazes autores de infra\u00e7\u00f5es contra o patrim\u00f4nio e relacionadas a subst\u00e2ncias entorpecentes.<\/p>\n","protected":false},"excerpt":{"rendered":"<p>Dois adolescentes foram assassinados na mesma noite em Almenara, no Vale do Jequitinhonha. Segundo informa\u00e7\u00f5es da Pol\u00edcia, o menor Carlos Alberto Silva Dias, de 15 anos, foi morto no in\u00edcio da madrugada deste s\u00e1bado (26\/12). O corpo foi encontrado em um beco que liga as ruas Coronel Pedro Ant\u00f4nio Fonseca e Trazibulo Jason Coelho, no [&hellip;]<\/p>\n","protected":false},"author":1,"featured_media":45749,"comment_status":"open","ping_status":"closed","sticky":false,"template":"","format":"standard","meta":{"amp_status":"","footnotes":""},"categories":[120],"tags":[142,71199,71201,71203,71198,71202,71200,71197,52245],"class_list":["post-75420","post","type-post","status-publish","format-standard","has-post-thumbnail","hentry","category-jequi","tag-almenara","tag-assassinatos-em-almenara","tag-carlos-alberto-silva-dias","tag-dois-adolescentes-sao-assassinados-na-mesma-noite-em-almenara","tag-homicidios-em-almenara","tag-joao-victor-fernandes-de-souza","tag-mortes-em-almenara","tag-mortos-em-almenara","tag-violencia-em-almenara"],"_links":{"self":[{"href":"https:\/\/aconteceunovale.com.br\/portal\/index.php?rest_route=\/wp\/v2\/posts\/75420","targetHints":{"allow":["GET"]}}],"collection":[{"href":"https:\/\/aconteceunovale.com.br\/portal\/index.php?rest_route=\/wp\/v2\/posts"}],"about":[{"href":"https:\/\/aconteceunovale.com.br\/portal\/index.php?rest_route=\/wp\/v2\/types\/post"}],"author":[{"embeddable":true,"href":"https:\/\/aconteceunovale.com.br\/portal\/index.php?rest_route=\/wp\/v2\/users\/1"}],"replies":[{"embeddable":true,"href":"https:\/\/aconteceunovale.com.br\/portal\/index.php?rest_route=%2Fwp%2Fv2%2Fcomments&post=75420"}],"version-history":[{"count":0,"href":"https:\/\/aconteceunovale.com.br\/portal\/index.php?rest_route=\/wp\/v2\/posts\/75420\/revisions"}],"wp:featuredmedia":[{"embeddable":true,"href":"https:\/\/aconteceunovale.com.br\/portal\/index.php?rest_route=\/wp\/v2\/media\/45749"}],"wp:attachment":[{"href":"https:\/\/aconteceunovale.com.br\/portal\/index.php?rest_route=%2Fwp%2Fv2%2Fmedia&parent=75420"}],"wp:term":[{"taxonomy":"category","embeddable":true,"href":"https:\/\/aconteceunovale.com.br\/portal\/index.php?rest_route=%2Fwp%2Fv2%2Fcategories&post=75420"},{"taxonomy":"post_tag","embeddable":true,"href":"https:\/\/aconteceunovale.com.br\/portal\/index.php?rest_route=%2Fwp%2Fv2%2Ftags&post=75420"}],"curies":[{"name":"wp","href":"https:\/\/api.w.org\/{rel}","templated":true}]}}