{"id":75370,"date":"2015-12-24T17:57:29","date_gmt":"2015-12-24T20:57:29","guid":{"rendered":"http:\/\/aconteceunovale.com.br\/portal\/?p=75370"},"modified":"2015-12-24T17:57:29","modified_gmt":"2015-12-24T20:57:29","slug":"fluxo-de-veiculos-aumenta-nas-rodovias-que-cortam-o-norte-nordeste-e-leste-de-minas","status":"publish","type":"post","link":"https:\/\/aconteceunovale.com.br\/portal\/?p=75370","title":{"rendered":"Fluxo de ve\u00edculos aumenta nas rodovias que cortam o Norte, Nordeste e Leste de Minas"},"content":{"rendered":"<p>A Pol\u00edcia Rodovi\u00e1ria Federal refor\u00e7ou a fiscaliza\u00e7\u00e3o nas estradas que cortam o Norte, Nordeste e Leste de Minas Gerais no per\u00edodo de festas de fim de ano. Nesta quinta-feira (24\/12), v\u00e9spera de Natal, o movimento aumentou de 15% a 20% nas rodovias do Norte de Minas em rela\u00e7\u00e3o aos dias normais.<\/p>\n<p>\u201cApesar do fluxo de ve\u00edculo estar maior, j\u00e1 come\u00e7amos a observar um decl\u00ednio no movimento em rela\u00e7\u00e3o a ontem\u201d, fala a  chefe da Delegacia da Pol\u00edcia Rodovi\u00e1ria Federal de Montes Claros, Helo\u00edsa Menezes.<\/p>\n<p>A maior parte dos motoristas que cortam as BRs-135, 251 e 365 t\u00eam SP e BA como destino. At\u00e9 a publica\u00e7\u00e3o desta reportagem a PRF registrou tr\u00eas acidentes de maior gravidade. No fim da madrugada, em Pirapora, um carro bateu de frente com um caminh\u00e3o, deixando pai e filho feridos. Ainda no munic\u00edpio, um autom\u00f3vel capotou deixando um morto e dois feridos. A outra ocorr\u00eancia foi registrada em Padre Carvalho, duas pessoas tiveram ferimentos em uma colis\u00e3o traseira.<\/p>\n<p>Helo\u00edsa Menezes destaca tr\u00eas pontos que s\u00e3o fundamentais para evitar a ocorr\u00eancia de acidentes. \u201cOs condutores devem respeitar a velocidade, independentemente de haver radares e de acordo com as condi\u00e7\u00f5es da via e do tr\u00e2nsito; devem fazer ultrapassagens apenas em locais permitidos e quando a manobra n\u00e3o oferecer riscos; devem tamb\u00e9m fazer com que todos os ocupantes do carro, de acordo com a idade, usem o cinto de seguran\u00e7a durante todo o percurso, enquanto o ve\u00edculo estiver em movimento o cinto precisa ser usado\u201d, destaca.<\/p>\n<p><strong>Leste\/Nordeste de Minas<\/strong><\/p>\n<p>At\u00e9 o in\u00edcio da tarde desta quinta-feira (24) as estradas do Leste de Minas n\u00e3o registraram nenhum acidente. Segundo a PRF, o trecho da BR-116 entre as cidades de Ipatinga a Governador Valadares requer cuidado redobrado, porque \u00e9 comum as ocorr\u00eancias de acidentes no local.<\/p>\n<p>De acordo com levantamento feito pela PRF, em Governador Valadares, s\u00f3 no trecho que liga o Km 410 ao Km 420 da BR-116 foram registrados 32 acidentes graves, com dois mortos e 38 feridos graves, entre outubro de 2014 a setembro de 2015.<\/p>\n<p>J\u00e1 em Caratinga, a PRF destacou que o per\u00edmetro urbano da cidade \u00e9 o ponto onde \u00e9 necess\u00e1rio mais aten\u00e7\u00e3o, por ter hist\u00f3rico de in\u00fameros acidentes. De acordo com o \u00f3rg\u00e3o, os trevos de Inhapim e Ubaporanga precisam de cuidado redobrado. No mesmo per\u00edodo citado anteriormente, foram registrados 48 acidentes graves com tr\u00eas mortos e 50 feridos.<\/p>\n<p>Em Te\u00f3filo Otoni, a PRF tamb\u00e9m intensificou a fiscaliza\u00e7\u00e3o na BR-116. At\u00e9 o in\u00edcio desta noite n\u00e3o foram registrados acidentes.<\/p>\n<p><em>(Fonte: Inter TV Grande Minas \/ Inter TV dos Vales \/ G1)<\/em><\/p>\n","protected":false},"excerpt":{"rendered":"<p>A Pol\u00edcia Rodovi\u00e1ria Federal refor\u00e7ou a fiscaliza\u00e7\u00e3o nas estradas que cortam o Norte, Nordeste e Leste de Minas Gerais no per\u00edodo de festas de fim de ano. Nesta quinta-feira (24\/12), v\u00e9spera de Natal, o movimento aumentou de 15% a 20% nas rodovias do Norte de Minas em rela\u00e7\u00e3o aos dias normais. \u201cApesar do fluxo de [&hellip;]<\/p>\n","protected":false},"author":1,"featured_media":75372,"comment_status":"open","ping_status":"closed","sticky":false,"template":"","format":"standard","meta":{"amp_status":"","footnotes":""},"categories":[123],"tags":[71103,31360,237,71102,71101,71100,71099,247,34164,201,877,254],"class_list":["post-75370","post","type-post","status-publish","format-standard","has-post-thumbnail","hentry","category-gerais","tag-acidentes-durante-o-natal-no-norte-de-minas","tag-acidentes-no-norte-de-minas","tag-caratinga","tag-delegacia-da-policia-rodoviaria-federal-de-montes-claros","tag-fluxo-de-veiculos-aumenta-nas-rodovias-que-cortam-o-leste-de-minas","tag-fluxo-de-veiculos-aumenta-nas-rodovias-que-cortam-o-nordeste-de-minas","tag-fluxo-de-veiculos-aumenta-nas-rodovias-que-cortam-o-norte-de-minas","tag-governador-valadares","tag-heloisa-menezes","tag-ipatinga","tag-padre-carvalho","tag-pirapora"],"_links":{"self":[{"href":"https:\/\/aconteceunovale.com.br\/portal\/index.php?rest_route=\/wp\/v2\/posts\/75370","targetHints":{"allow":["GET"]}}],"collection":[{"href":"https:\/\/aconteceunovale.com.br\/portal\/index.php?rest_route=\/wp\/v2\/posts"}],"about":[{"href":"https:\/\/aconteceunovale.com.br\/portal\/index.php?rest_route=\/wp\/v2\/types\/post"}],"author":[{"embeddable":true,"href":"https:\/\/aconteceunovale.com.br\/portal\/index.php?rest_route=\/wp\/v2\/users\/1"}],"replies":[{"embeddable":true,"href":"https:\/\/aconteceunovale.com.br\/portal\/index.php?rest_route=%2Fwp%2Fv2%2Fcomments&post=75370"}],"version-history":[{"count":0,"href":"https:\/\/aconteceunovale.com.br\/portal\/index.php?rest_route=\/wp\/v2\/posts\/75370\/revisions"}],"wp:featuredmedia":[{"embeddable":true,"href":"https:\/\/aconteceunovale.com.br\/portal\/index.php?rest_route=\/wp\/v2\/media\/75372"}],"wp:attachment":[{"href":"https:\/\/aconteceunovale.com.br\/portal\/index.php?rest_route=%2Fwp%2Fv2%2Fmedia&parent=75370"}],"wp:term":[{"taxonomy":"category","embeddable":true,"href":"https:\/\/aconteceunovale.com.br\/portal\/index.php?rest_route=%2Fwp%2Fv2%2Fcategories&post=75370"},{"taxonomy":"post_tag","embeddable":true,"href":"https:\/\/aconteceunovale.com.br\/portal\/index.php?rest_route=%2Fwp%2Fv2%2Ftags&post=75370"}],"curies":[{"name":"wp","href":"https:\/\/api.w.org\/{rel}","templated":true}]}}