{"id":75367,"date":"2015-12-24T17:34:53","date_gmt":"2015-12-24T20:34:53","guid":{"rendered":"http:\/\/aconteceunovale.com.br\/portal\/?p=75367"},"modified":"2015-12-24T17:34:53","modified_gmt":"2015-12-24T20:34:53","slug":"estatua-do-cristo-redentor-ganha-iluminacao-natalina","status":"publish","type":"post","link":"https:\/\/aconteceunovale.com.br\/portal\/?p=75367","title":{"rendered":"Est\u00e1tua do Cristo Redentor ganha ilumina\u00e7\u00e3o natalina"},"content":{"rendered":"<p>Hoje (24\/12\/2015), a est\u00e1tua do Cristo Redentor, no Morro do Corcovado, no Parque Nacional da Tijuca, no Rio de janeiro, receber\u00e1 uma ilumina\u00e7\u00e3o especial em comemora\u00e7\u00e3o ao Natal. O monumento vai receber um show de luminografia entre 21h e 22h. Ser\u00e3o projetadas as ilustra\u00e7\u00f5es produzidas pelo artista franco-italiano Gaspare di Caro.<\/p>\n<p>O reitor do Santu\u00e1rio Cristo Redentor, padre Omar, disse que a ilumina\u00e7\u00e3o especial celebra, al\u00e9m do Natal, a renova\u00e7\u00e3o da esperan\u00e7a para a popula\u00e7\u00e3o brasileira.<\/p>\n<p>\u201cO Cristo Redentor mais uma vez abre seus bra\u00e7os, mostrando \u00e0 popula\u00e7\u00e3o brasileira que o Natal \u00e9 um momento de grande import\u00e2ncia para a renova\u00e7\u00e3o da esperan\u00e7a e da f\u00e9 do povo brasileiro. Hoje a gente consegue, atrav\u00e9s dessa proje\u00e7\u00e3o mapeada, dessa tecnologia, evidenciar que estamos em festa. Ainda que o momento seja de grande instabilidade, n\u00f3s n\u00e3o podemos perder a f\u00e9 em dias melhores. Que esse Natal seja de fato um momento de fortalecimento de nossa esperan\u00e7a e de nossa f\u00e9\u201d, disse o reitor.<\/p>\n<p>De acordo com padre Omar, as proje\u00e7\u00f5es marcam tamb\u00e9m o lan\u00e7amento do Ano da Miseric\u00f3rdia, decretado no dia 8 de dezembro pelo papa Francisco, em campanha mundial.<\/p>\n<p>\u201cEle [papa Francisco] visa trazer sinais de esperan\u00e7a e de integra\u00e7\u00e3o de todos os objetivos da igreja, do ponto de vista social, humano e espiritual. E dessa forma ele decreta o Ano da Miseric\u00f3rdia, fundamentado sobre as obras de miseric\u00f3rdia morais, corporais e espirituais, indicando que o mundo precisa de miseric\u00f3rdia. Com isso, as bas\u00edlicas de Roma t\u00eam as suas portas abertas, as portas santas, assim como milhares de templos, santu\u00e1rios, bas\u00edlicas e catedrais de todo o mundo tamb\u00e9m possuem tal configura\u00e7\u00e3o de serem portas santas, entre elas a capela do Cristo Redentor no Corcovado\u201d.<\/p>\n<p>A ilumina\u00e7\u00e3o tamb\u00e9m foi apresentada na quarta-feira (23), ap\u00f3s uma ben\u00e7\u00e3o de Natal do padre Omar e a apresenta\u00e7\u00e3o de um coral.<\/p>\n<p><img decoding=\"async\" src=\"http:\/\/aconteceunovale.com.br\/portal\/wp-content\/uploads\/2015\/12\/cristo_redentor_feliz_natal.jpg\" alt=\"\" \/><em>Cristo iluminado para o Natal &#8211; Foto: J. Lucena \/ Divulga\u00e7\u00e3o<\/em><br \/>\n<\/br><\/p>\n<p><em>(Fonte: Ag\u00eancia Brasil)<\/em><\/p>\n","protected":false},"excerpt":{"rendered":"<p>Hoje (24\/12\/2015), a est\u00e1tua do Cristo Redentor, no Morro do Corcovado, no Parque Nacional da Tijuca, no Rio de janeiro, receber\u00e1 uma ilumina\u00e7\u00e3o especial em comemora\u00e7\u00e3o ao Natal. O monumento vai receber um show de luminografia entre 21h e 22h. Ser\u00e3o projetadas as ilustra\u00e7\u00f5es produzidas pelo artista franco-italiano Gaspare di Caro. O reitor do Santu\u00e1rio [&hellip;]<\/p>\n","protected":false},"author":1,"featured_media":75368,"comment_status":"open","ping_status":"closed","sticky":false,"template":"","format":"standard","meta":{"amp_status":"","footnotes":""},"categories":[6],"tags":[71096,71097,49105,71092,71098,71091,71088,71093,71094,71095,71090,71089],"class_list":["post-75367","post","type-post","status-publish","format-standard","has-post-thumbnail","hentry","category-br","tag-ano-da-miserircodia","tag-cristo-iluminado-para-o-natal","tag-cristo-redentor","tag-cristo-redentor-iluminacao-de-natal","tag-cristo-redentor-iluminado-para-o-natal","tag-cristo-redentor-natal","tag-estatua-do-cristo-redentor-ganha-iluminacao-natalina","tag-gaspare-di-caro","tag-gaspare-di-caro-cristo-redentor","tag-iluminacao-de-natal","tag-iluminacao-de-natal-do-cristo-redentor","tag-iluminacao-natalina-do-cristo-redentor"],"_links":{"self":[{"href":"https:\/\/aconteceunovale.com.br\/portal\/index.php?rest_route=\/wp\/v2\/posts\/75367","targetHints":{"allow":["GET"]}}],"collection":[{"href":"https:\/\/aconteceunovale.com.br\/portal\/index.php?rest_route=\/wp\/v2\/posts"}],"about":[{"href":"https:\/\/aconteceunovale.com.br\/portal\/index.php?rest_route=\/wp\/v2\/types\/post"}],"author":[{"embeddable":true,"href":"https:\/\/aconteceunovale.com.br\/portal\/index.php?rest_route=\/wp\/v2\/users\/1"}],"replies":[{"embeddable":true,"href":"https:\/\/aconteceunovale.com.br\/portal\/index.php?rest_route=%2Fwp%2Fv2%2Fcomments&post=75367"}],"version-history":[{"count":0,"href":"https:\/\/aconteceunovale.com.br\/portal\/index.php?rest_route=\/wp\/v2\/posts\/75367\/revisions"}],"wp:featuredmedia":[{"embeddable":true,"href":"https:\/\/aconteceunovale.com.br\/portal\/index.php?rest_route=\/wp\/v2\/media\/75368"}],"wp:attachment":[{"href":"https:\/\/aconteceunovale.com.br\/portal\/index.php?rest_route=%2Fwp%2Fv2%2Fmedia&parent=75367"}],"wp:term":[{"taxonomy":"category","embeddable":true,"href":"https:\/\/aconteceunovale.com.br\/portal\/index.php?rest_route=%2Fwp%2Fv2%2Fcategories&post=75367"},{"taxonomy":"post_tag","embeddable":true,"href":"https:\/\/aconteceunovale.com.br\/portal\/index.php?rest_route=%2Fwp%2Fv2%2Ftags&post=75367"}],"curies":[{"name":"wp","href":"https:\/\/api.w.org\/{rel}","templated":true}]}}