{"id":75343,"date":"2015-12-24T13:08:10","date_gmt":"2015-12-24T16:08:10","guid":{"rendered":"http:\/\/aconteceunovale.com.br\/portal\/?p=75343"},"modified":"2015-12-24T13:08:10","modified_gmt":"2015-12-24T16:08:10","slug":"apos-mais-de-30-horas-de-interdicao-br-381-e-liberada-no-sul-de-minas","status":"publish","type":"post","link":"https:\/\/aconteceunovale.com.br\/portal\/?p=75343","title":{"rendered":"Ap\u00f3s mais de 30 horas de interdi\u00e7\u00e3o, BR-381 \u00e9 liberada no Sul de Minas"},"content":{"rendered":"<p>Mais de 30 horas depois de um caminh\u00e3o comprometer sua estrutura, foi removida parcialmente, no final da manh\u00e3 desta quinta-feira (24\/12), a passarela localizada no KM 877 da Rodovia Fern\u00e3o Dias (BR-381), em Estiva, no Sul de Minas. A via come\u00e7ou a ser liberada no sentido Belo Horizonte por volta de 12h10.<\/p>\n<p>Segundo informa\u00e7\u00f5es da Pol\u00edcia Rodovi\u00e1ria Federal (PRF), no sentido capital, o congestionamento chegou a 40 quil\u00f4metros. O fluxo de ve\u00edculos estava sendo desviado pela via lateral ou por um bairro da cidade, para carros de passeio e pela pista Norte, sentido S\u00e3o Paulo, para ve\u00edculos de carga.<\/p>\n<p><strong>O acidente<\/strong><\/p>\n<p>Na madrugada desta quarta-feira (23), uma carreta bateu em uma passarela na BR-381, em Estiva, no Sul de Minas, deixando a rodovia comletamente interditada no sentido capital. De acordo com a PRF, chovia no momento do acidente e, por isso, o motorista do ve\u00edculo perdeu o controle da dire\u00e7\u00e3o, colidindo na estrutura.<\/p>\n<p><img decoding=\"async\" src=\"http:\/\/aconteceunovale.com.br\/portal\/wp-content\/uploads\/2015\/12\/bloqueio_381_estiva_1.jpg\" alt=\"\" \/><em>Motorista teria perdido controle do caminh\u00e3o e colidido na passarela &#8211; Foto: Divulga\u00e7\u00e3o \/ PRF<\/em><br \/>\n<\/br><\/p>\n<p><img decoding=\"async\" src=\"http:\/\/aconteceunovale.com.br\/portal\/wp-content\/uploads\/2015\/12\/bloqueio_381_estiva_2.jpg\" alt=\"\" \/><em>Motorista teria perdido controle do caminh\u00e3o e colidido na passarela &#8211; Foto: Divulga\u00e7\u00e3o \/ PRF<\/em><br \/>\n<\/br><\/p>\n<p><img decoding=\"async\" src=\"http:\/\/aconteceunovale.com.br\/portal\/wp-content\/uploads\/2015\/12\/bloqueio_381_estiva_3.jpg\" alt=\"\" \/><em>Motorista teria perdido controle do caminh\u00e3o e colidido na passarela &#8211; Foto: Divulga\u00e7\u00e3o \/ PRF<\/em><br \/>\n<\/br><\/p>\n<p><img decoding=\"async\" src=\"http:\/\/aconteceunovale.com.br\/portal\/wp-content\/uploads\/2015\/12\/bloqueio_381_estiva_4.jpg\" alt=\"\" \/><em>Motorista teria perdido controle do caminh\u00e3o e colidido na passarela &#8211; Foto: Divulga\u00e7\u00e3o \/ PRF<\/em><br \/>\n<\/br><\/p>\n<p><img decoding=\"async\" src=\"http:\/\/aconteceunovale.com.br\/portal\/wp-content\/uploads\/2015\/12\/bloqueio_381_estiva_5.jpg\" alt=\"\" \/><em>Motorista teria perdido controle do caminh\u00e3o e colidido na passarela &#8211; Foto: Divulga\u00e7\u00e3o \/ PRF<\/em><br \/>\n<\/br><\/p>\n<p><em>(Fonte: Hoje em Dia)<\/em><\/p>\n","protected":false},"excerpt":{"rendered":"<p>Mais de 30 horas depois de um caminh\u00e3o comprometer sua estrutura, foi removida parcialmente, no final da manh\u00e3 desta quinta-feira (24\/12), a passarela localizada no KM 877 da Rodovia Fern\u00e3o Dias (BR-381), em Estiva, no Sul de Minas. A via come\u00e7ou a ser liberada no sentido Belo Horizonte por volta de 12h10. Segundo informa\u00e7\u00f5es da [&hellip;]<\/p>\n","protected":false},"author":1,"featured_media":75344,"comment_status":"open","ping_status":"closed","sticky":false,"template":"","format":"standard","meta":{"amp_status":"","footnotes":""},"categories":[123],"tags":[71058,70951,70950,70952,71059,71060,70949,70948],"class_list":["post-75343","post","type-post","status-publish","format-standard","has-post-thumbnail","hentry","category-gerais","tag-apos-mais-de-30-horas-de-interdicao","tag-bloqueio-da-br-381","tag-bloqueio-da-br-381-em-estiva","tag-bloqueio-da-br-381-em-estiva-ja-dura-mais-de-24-horas","tag-br-381-e-liberada-no-sul-de-minas","tag-br-381-e-liberada-no-sul-de-minas-apos-mais-de-30-horas-de-interdicao","tag-interdicao-da-br-381","tag-interdicao-da-br-381-em-estiva"],"_links":{"self":[{"href":"https:\/\/aconteceunovale.com.br\/portal\/index.php?rest_route=\/wp\/v2\/posts\/75343","targetHints":{"allow":["GET"]}}],"collection":[{"href":"https:\/\/aconteceunovale.com.br\/portal\/index.php?rest_route=\/wp\/v2\/posts"}],"about":[{"href":"https:\/\/aconteceunovale.com.br\/portal\/index.php?rest_route=\/wp\/v2\/types\/post"}],"author":[{"embeddable":true,"href":"https:\/\/aconteceunovale.com.br\/portal\/index.php?rest_route=\/wp\/v2\/users\/1"}],"replies":[{"embeddable":true,"href":"https:\/\/aconteceunovale.com.br\/portal\/index.php?rest_route=%2Fwp%2Fv2%2Fcomments&post=75343"}],"version-history":[{"count":0,"href":"https:\/\/aconteceunovale.com.br\/portal\/index.php?rest_route=\/wp\/v2\/posts\/75343\/revisions"}],"wp:featuredmedia":[{"embeddable":true,"href":"https:\/\/aconteceunovale.com.br\/portal\/index.php?rest_route=\/wp\/v2\/media\/75344"}],"wp:attachment":[{"href":"https:\/\/aconteceunovale.com.br\/portal\/index.php?rest_route=%2Fwp%2Fv2%2Fmedia&parent=75343"}],"wp:term":[{"taxonomy":"category","embeddable":true,"href":"https:\/\/aconteceunovale.com.br\/portal\/index.php?rest_route=%2Fwp%2Fv2%2Fcategories&post=75343"},{"taxonomy":"post_tag","embeddable":true,"href":"https:\/\/aconteceunovale.com.br\/portal\/index.php?rest_route=%2Fwp%2Fv2%2Ftags&post=75343"}],"curies":[{"name":"wp","href":"https:\/\/api.w.org\/{rel}","templated":true}]}}