{"id":75340,"date":"2015-12-24T12:52:39","date_gmt":"2015-12-24T15:52:39","guid":{"rendered":"http:\/\/aconteceunovale.com.br\/portal\/?p=75340"},"modified":"2015-12-24T12:52:39","modified_gmt":"2015-12-24T15:52:39","slug":"acordo-estabelece-valor-de-indenizacao-para-vitimas-de-rompimento-de-barragem-em-mariana","status":"publish","type":"post","link":"https:\/\/aconteceunovale.com.br\/portal\/?p=75340","title":{"rendered":"Acordo estabelece valor de indeniza\u00e7\u00e3o para v\u00edtimas de rompimento de barragem em Mariana"},"content":{"rendered":"<p>Acordo firmado nessa quarta-feira (23\/12\/2015) pela Mineradora Samarco, durante audi\u00eancia de concilia\u00e7\u00e3o promovida na Promotoria de Minas Gerais, estabeleceu o pagamento imediato de indeniza\u00e7\u00e3o a cada uma das fam\u00edlias atingidas pelo rompimento da Barragem de Fund\u00e3o, no dia 5 de novembro, destruindo o distrito de Bento Rodrigues, em Mariana. O desastre ambiental, considerado o maior e sem precedentes no Brasil, deixou 17 pessoas mortas e duas desaparecidas.<\/p>\n<p>O acordo foi homologado pelo juiz Frederico Esteves Duarte Gon\u00e7alves, substituto na 2\u00aa Vara C\u00edvel, Criminal e de Execu\u00e7\u00f5es Penais da Comarca de Mariana. Representantes das v\u00edtimas e das empresas Vale e BHP Billiton Brasil, tamb\u00e9m participaram da audi\u00eancia.<\/p>\n<p>Durante a reuni\u00e3o ficou definido o valor indenizat\u00f3rio de R$ 20 mil para cada fam\u00edlia desabrigada, sendo que R$ 10 mil s\u00e3o antecipa\u00e7\u00e3o de uma futura indeniza\u00e7\u00e3o. Os outros R$ 10 mil n\u00e3o poder\u00e3o ser descontados futuramente. Al\u00e9m disso, mesmo se conseguirem emprego, as fam\u00edlias ainda receber\u00e3o o aux\u00edlio de um sal\u00e1rio m\u00ednimo, mais 20% por dependente e mais uma cesta b\u00e1sica mensal at\u00e9 o fim da reconstru\u00e7\u00e3o das comunidades. O valor da indeniza\u00e7\u00e3o final n\u00e3o foi definido.<\/p>\n<p>As fam\u00edlias que perderam parentes v\u00e3o receber R$ 100 mil. Os produtores rurais, que tamb\u00e9m ser\u00e3o indenizados, n\u00e3o tiveram o valor definido.<\/p>\n<p>A Samarco cumpriu a determina\u00e7\u00e3o de p\u00f4r todas as fam\u00edlias em casas alugadas at\u00e9 o Natal. Para o pagamento da antecipa\u00e7\u00e3o de indeniza\u00e7\u00f5es, o Minist\u00e9rio P\u00fablico concordou em desbloquear valor suficiente, dos R$ 300 milh\u00f5es que est\u00e3o bloqueados pela Justi\u00e7a. A mineradora ter\u00e1 at\u00e9 o dia 31 de janeiro de 2016 para prestar conta \u00e0 Justi\u00e7a do valor gasto.<\/p>\n<p>O reassentamento definitivo dos atingidos pelo desastre, com a reconstru\u00e7\u00e3o das comunidades, \u00e9 o principal ponto da pr\u00f3xima reuni\u00e3o de concilia\u00e7\u00e3o, que foi marcada para 20 de janeiro de 2016. No momento, as fam\u00edlias est\u00e3o em casas alugadas pela empresa.<\/p>\n<p><strong>Alugu\u00e9is<\/strong><\/p>\n<p>A Samarco se comprometeu a manter as fam\u00edlias em casas alugadas por at\u00e9 tr\u00eas meses, a contar da entrega das chaves relativas ao reassentamento definitivo, a fim de que possam organizar a mudan\u00e7a em definitivo. Excepcionalmente, no caso de alguma fam\u00edlia n\u00e3o concordar em ser reassentada definitivamente, caber\u00e1 \u00e0 mineradora custear o aluguel por at\u00e9 12 meses.<\/p>\n<p>As pessoas que ficaram desabrigadas, mas que optaram por n\u00e3o ser alojadas em hot\u00e9is ou casas alugadas, dever\u00e3o receber o valor de um aluguel mensal m\u00e9dio, de R$ 1.200, retroativo a 5 de novembro de 2015, salvo acordos j\u00e1 estabelecidos. (Ag\u00eancia Brasil)<\/p>\n","protected":false},"excerpt":{"rendered":"<p>Acordo firmado nessa quarta-feira (23\/12\/2015) pela Mineradora Samarco, durante audi\u00eancia de concilia\u00e7\u00e3o promovida na Promotoria de Minas Gerais, estabeleceu o pagamento imediato de indeniza\u00e7\u00e3o a cada uma das fam\u00edlias atingidas pelo rompimento da Barragem de Fund\u00e3o, no dia 5 de novembro, destruindo o distrito de Bento Rodrigues, em Mariana. O desastre ambiental, considerado o maior [&hellip;]<\/p>\n","protected":false},"author":1,"featured_media":72668,"comment_status":"open","ping_status":"closed","sticky":false,"template":"","format":"standard","meta":{"amp_status":"","footnotes":""},"categories":[123],"tags":[71049,65330,59520,71053,71054,71056,71057,71052,71051,71050,71055,7363,65597,65268,65323,65317,32642,65333],"class_list":["post-75340","post","type-post","status-publish","format-standard","has-post-thumbnail","hentry","category-gerais","tag-acordo-estabelece-valor-de-indenizacao-para-vitimas-de-rompimento-de-barragem-em-mariana","tag-barragem","tag-bento-rodrigues","tag-fundao","tag-indenizacao","tag-indenizacao-para-vitimas-bento-rodrigues","tag-indenizacao-para-vitimas-da-samarco","tag-indenizacao-para-vitimas-de-rompimento-de-barragem-da-samarco","tag-indenizacao-para-vitimas-de-rompimento-de-barragem-em-bento-rodrigues","tag-indenizacao-para-vitimas-de-rompimento-de-barragem-em-mariana","tag-indenizacao-para-vitimas-mariana","tag-mariana","tag-rompimento","tag-rompimento-de-barragem-da-samarco","tag-rompimento-de-barragem-em-bento-rodrigues","tag-rompimento-de-barragem-em-mariana","tag-samarco","tag-vitimas"],"_links":{"self":[{"href":"https:\/\/aconteceunovale.com.br\/portal\/index.php?rest_route=\/wp\/v2\/posts\/75340","targetHints":{"allow":["GET"]}}],"collection":[{"href":"https:\/\/aconteceunovale.com.br\/portal\/index.php?rest_route=\/wp\/v2\/posts"}],"about":[{"href":"https:\/\/aconteceunovale.com.br\/portal\/index.php?rest_route=\/wp\/v2\/types\/post"}],"author":[{"embeddable":true,"href":"https:\/\/aconteceunovale.com.br\/portal\/index.php?rest_route=\/wp\/v2\/users\/1"}],"replies":[{"embeddable":true,"href":"https:\/\/aconteceunovale.com.br\/portal\/index.php?rest_route=%2Fwp%2Fv2%2Fcomments&post=75340"}],"version-history":[{"count":0,"href":"https:\/\/aconteceunovale.com.br\/portal\/index.php?rest_route=\/wp\/v2\/posts\/75340\/revisions"}],"wp:featuredmedia":[{"embeddable":true,"href":"https:\/\/aconteceunovale.com.br\/portal\/index.php?rest_route=\/wp\/v2\/media\/72668"}],"wp:attachment":[{"href":"https:\/\/aconteceunovale.com.br\/portal\/index.php?rest_route=%2Fwp%2Fv2%2Fmedia&parent=75340"}],"wp:term":[{"taxonomy":"category","embeddable":true,"href":"https:\/\/aconteceunovale.com.br\/portal\/index.php?rest_route=%2Fwp%2Fv2%2Fcategories&post=75340"},{"taxonomy":"post_tag","embeddable":true,"href":"https:\/\/aconteceunovale.com.br\/portal\/index.php?rest_route=%2Fwp%2Fv2%2Ftags&post=75340"}],"curies":[{"name":"wp","href":"https:\/\/api.w.org\/{rel}","templated":true}]}}