{"id":75337,"date":"2015-12-24T12:29:35","date_gmt":"2015-12-24T15:29:35","guid":{"rendered":"http:\/\/aconteceunovale.com.br\/portal\/?p=75337"},"modified":"2015-12-27T07:44:07","modified_gmt":"2015-12-27T10:44:07","slug":"passagens-de-trem-serao-reajustadas-em-janeiro-de-2016","status":"publish","type":"post","link":"https:\/\/aconteceunovale.com.br\/portal\/?p=75337","title":{"rendered":"Passagens de trem ser\u00e3o reajustadas em janeiro de 2016"},"content":{"rendered":"<p>A Vale informa que o valor das passagens do Trem de Passageiros da Estrada de Ferro Vit\u00f3ria a Minas (EFVM) ser\u00e1 reajustado a partir do dia 4 de janeiro de 2016.<\/p>\n<p>Com a mudan\u00e7a, as viagens entre as esta\u00e7\u00f5es Pedro Nolasco, em Cariacica, e de Belo Horizonte (MG), bem como o percurso inverso, passar\u00e3o a custar R$ 65,00 na classe econ\u00f4mica e R$ 100,00 na classe executiva. Os valores praticados atualmente s\u00e3o de R$ 62,00 e R$ 95,00, respectivamente.<\/p>\n<p>As informa\u00e7\u00f5es sobre as novas tarifas para trechos intermedi\u00e1rios j\u00e1 est\u00e3o dispon\u00edveis pelo canal de atendimento gratuito Al\u00f4 Ferrovias (0800 285 7000) e, tamb\u00e9m, no site do Trem de Passageiros (<a href=\"http:\/\/www.vale.com\/tremdepassageirosefvm\" target=\"_blank\">www.vale.com\/tremdepassageirosefvm<\/a>).<\/p>\n<p>Cabe ressaltar que o reajuste de passagens do Trem de Passageiros da ferrovia Vit\u00f3ria a Minas \u00e9 determinado pela Ag\u00eancia Nacional de Transportes Terrestres (ANTT), \u00f3rg\u00e3o que regulamenta o setor, e que contempla, ainda, outras modalidades de transporte terrestre.<\/p>\n<p><strong>Mais facilidade no embarque de idosos<\/strong><\/p>\n<p>Passageiros com mais de 65 anos de idade, e que tenham direito \u00e0 passagens gratuitas, ou com 50% de desconto, podem realizar a retirada, ou a compra do bilhete, no pr\u00f3prio site do Trem de Passageiros da Estrada de Ferro Vit\u00f3ria a Minas (<a href=\"http:\/\/www.vale.com\/tremdepassageirosefvm\" target=\"_blank\">www.vale.com\/tremdepassageirosefvm<\/a>). A medida visa a garantir mais comodidade e conforto aos passageiros, que podem, a partir de agora, emitir os bilhetes sem necessariamente se dirigir \u00e0s esta\u00e7\u00f5es localizadas ao longo da ferrovia Vit\u00f3ria a Minas.<\/p>\n<p>No momento do embarque, o idoso deve apresentar o voucher adquirido pela internet, o documento com foto e comprovante de renda que evidencie renda familiar de at\u00e9 dois sal\u00e1rios m\u00ednimos. Importante destacar, tamb\u00e9m, que o embarque s\u00f3 ser\u00e1 permitido com a apresenta\u00e7\u00e3o dos documentos em quest\u00e3o. De outro modo, ser\u00e1 necess\u00e1rio realizar a remarca\u00e7\u00e3o do bilhete.<\/p>\n<p><img decoding=\"async\" src=\"http:\/\/aconteceunovale.com.br\/portal\/wp-content\/uploads\/2015\/12\/trem_da_vale.jpg\" alt=\"\" \/><\/p>\n","protected":false},"excerpt":{"rendered":"<p>A Vale informa que o valor das passagens do Trem de Passageiros da Estrada de Ferro Vit\u00f3ria a Minas (EFVM) ser\u00e1 reajustado a partir do dia 4 de janeiro de 2016. Com a mudan\u00e7a, as viagens entre as esta\u00e7\u00f5es Pedro Nolasco, em Cariacica, e de Belo Horizonte (MG), bem como o percurso inverso, passar\u00e3o a [&hellip;]<\/p>\n","protected":false},"author":1,"featured_media":75338,"comment_status":"open","ping_status":"closed","sticky":false,"template":"","format":"standard","meta":{"amp_status":"","footnotes":""},"categories":[123],"tags":[1018,27760,26414,71048,71046,71045,71047,71044,71042,71043],"class_list":["post-75337","post","type-post","status-publish","format-standard","has-post-thumbnail","hentry","category-gerais","tag-destaque","tag-efvm","tag-ferrovia-vitoria-a-minas","tag-passagens-de-trem-serao-reajustadas-em-janeiro-de-2016","tag-trem-de-passageiros-da-efvm","tag-trem-de-passageiros-da-estrada-de-ferro-vitoria-a-minas","tag-trem-de-passageiros-da-vale","tag-valor-da-passagem-trem-da-vale","tag-valor-das-passagens-do-trem-de-passageiros","tag-valor-das-passagens-do-trem-de-passageiros-da-vale"],"_links":{"self":[{"href":"https:\/\/aconteceunovale.com.br\/portal\/index.php?rest_route=\/wp\/v2\/posts\/75337","targetHints":{"allow":["GET"]}}],"collection":[{"href":"https:\/\/aconteceunovale.com.br\/portal\/index.php?rest_route=\/wp\/v2\/posts"}],"about":[{"href":"https:\/\/aconteceunovale.com.br\/portal\/index.php?rest_route=\/wp\/v2\/types\/post"}],"author":[{"embeddable":true,"href":"https:\/\/aconteceunovale.com.br\/portal\/index.php?rest_route=\/wp\/v2\/users\/1"}],"replies":[{"embeddable":true,"href":"https:\/\/aconteceunovale.com.br\/portal\/index.php?rest_route=%2Fwp%2Fv2%2Fcomments&post=75337"}],"version-history":[{"count":0,"href":"https:\/\/aconteceunovale.com.br\/portal\/index.php?rest_route=\/wp\/v2\/posts\/75337\/revisions"}],"wp:featuredmedia":[{"embeddable":true,"href":"https:\/\/aconteceunovale.com.br\/portal\/index.php?rest_route=\/wp\/v2\/media\/75338"}],"wp:attachment":[{"href":"https:\/\/aconteceunovale.com.br\/portal\/index.php?rest_route=%2Fwp%2Fv2%2Fmedia&parent=75337"}],"wp:term":[{"taxonomy":"category","embeddable":true,"href":"https:\/\/aconteceunovale.com.br\/portal\/index.php?rest_route=%2Fwp%2Fv2%2Fcategories&post=75337"},{"taxonomy":"post_tag","embeddable":true,"href":"https:\/\/aconteceunovale.com.br\/portal\/index.php?rest_route=%2Fwp%2Fv2%2Ftags&post=75337"}],"curies":[{"name":"wp","href":"https:\/\/api.w.org\/{rel}","templated":true}]}}