{"id":75334,"date":"2015-12-24T11:41:42","date_gmt":"2015-12-24T14:41:42","guid":{"rendered":"http:\/\/aconteceunovale.com.br\/portal\/?p=75334"},"modified":"2015-12-24T11:41:42","modified_gmt":"2015-12-24T14:41:42","slug":"produtores-rurais-aderem-ao-milheto-para-minimizar-falta-de-chuvas-no-norte-de-minas","status":"publish","type":"post","link":"https:\/\/aconteceunovale.com.br\/portal\/?p=75334","title":{"rendered":"Produtores rurais aderem ao milheto para minimizar falta de chuvas no Norte de Minas"},"content":{"rendered":"<p>Produtores rurais do Norte de Minas Gerais t\u00eam aderido ao cultivo do milheto para ajudar a alimentar rebanhos na regi\u00e3o. A planta, uma gram\u00ednea originada da \u00c1frica, serve como pasto ou complemento da alimenta\u00e7\u00e3o do gado. \u00c9 ideal para climas secos e pouco f\u00e9rteis porque cresce com calor e falta de umidade. O milheto precisa de menos de 300 ml \u00e1gua para cada grama de mat\u00e9ria seca. O milho, por exemplo, precisa de 370 ml de \u00e1gua\/grama de mat\u00e9ria seca (23,5% a mais). J\u00e1 o sorgo, 321 ml (7% a mais).  <\/p>\n<p>Para o criador de rebanho leiteiro de Porteirinha, Sidney Rocha de 34 anos, o milheto tem ajudado muito na a alimenta\u00e7\u00e3o do gado al\u00e9m de superar suas expectativas. Ele come\u00e7ou a plantar o ano passado e este ano j\u00e1 colheu 10% a mais, chegando a 50 toneladas por hectare. Sidney est\u00e1 usando a planta para reduzir os impactos da falta de chuva: \u201cO milheto veio pra mim na hora certa. Com o sorgo, eu precisava complementar muito mais a ra\u00e7\u00e3o do gado, agora devido \u00e0 alta concentra\u00e7\u00e3o de nutrientes completo mais com o caro\u00e7o do algod\u00e3o e o farelo da soja. Meu gado tem engordado mais, estou gastando menos e minha produ\u00e7\u00e3o de leite aumentou 20%. Devo come\u00e7ar a pr\u00f3xima safra em meados de dezembro a in\u00edcio de janeiro e espero colher ainda mais\u201d, comemora. <\/p>\n<p>De acordo com o Coordenador T\u00e9cnico Regional Unidade Regional Jana\u00faba, da Empresa de Assist\u00eancia T\u00e9cnica e Extens\u00e3o Rural do Estado de Minas Gerais (Emater-MG), Andr\u00e9 Caxito, a planta  pode superar 3m de altura e j\u00e1 pode ser utilizada em 90 dias. E se d\u00e1 muito bem \u00e0s altas temperaturas: \u201cEm compara\u00e7\u00e3o ao milho e o sorgo, requer mais calor para germinar. \u00c9 utilizada tamb\u00e9m na cultura de sucess\u00e3o, pois seus nutrientes concentram na palhada, sendo reciclados ou liberados gradativamente no solo ajudam na recupera\u00e7\u00e3o de \u00e1reas degradadas. Por isso, nos \u00faltimos dois anos o cultivo do milheto tem aumentado, sobretudo nas regi\u00f5es de Cerrado. Para a safra 2016, est\u00e1 previsto aumento de 20% na \u00e1rea plantada\u201d.<\/p>\n<p>A cultura do milheto \u00e9 de f\u00e1cil instala\u00e7\u00e3o e requer poucos insumos. O plantio inicia sempre no tempo das grandes chuvas, pois facilita o processo de germina\u00e7\u00e3o. Andr\u00e9 Caxito ressalta que algumas medidas para o melhoramento do plantio podem ajudar a obter uma planta de melhor qualidade.<\/p>\n<p>Caxito alerta, ainda, que, em tempos de seca, cultivar o milheto \u00e9 uma estrat\u00e9gia para a diversifica\u00e7\u00e3o na produ\u00e7\u00e3o de outros alimentos para o gado, intercalando entre ciclos de planta\u00e7\u00f5es mais precoces, quando se tem pouca chuva e mais tardios quando se tem muita.<\/p>\n<p>\u201cIdeal \u00e9 aproveitar cada esta\u00e7\u00e3o plantando o milheto juntamente com outro tipo de alimento, como por exemplo, a palma que s\u00f3 pode ser utilizada ap\u00f3s um ano de plantio. Assim, o produtor garante alimento em pequeno e em grande espa\u00e7o de tempo\u201d comenta. <\/p>\n<p><strong>Assist\u00eancia t\u00e9cnica e pesquisa<\/strong><\/p>\n<p>A planta \u00e9 conhecida no Brasil ha muito tempo, mas no Norte de Minas \u00e9 mais recente. Emater-MG tem incentivando os agricultores do norte mineiro a experimentar o milheto atrav\u00e9s da distribui\u00e7\u00e3o de sementes e orienta\u00e7\u00f5es t\u00e9cnicas. As planta\u00e7\u00f5es est\u00e3o sendo monitoradas por pesquisadores que compilam os resultados. Al\u00e9m disso, a Emater tem participado de pesquisas para que a utiliza\u00e7\u00e3o do milheto cres\u00e7a cada vez mais na regi\u00e3o. Empresas como a Epamig, Embrapa e Unimontes tem estudado a planta para levantar benef\u00edcios sobre fun\u00e7\u00e3o da expans\u00e3o do sistema de plantio direto, que utiliza a gram\u00ednea para a cobertura do solo com o objetivo de ajudar ainda mais agricultores.  <\/p>\n<p>O agricultor interessado em obter orienta\u00e7\u00f5es sobre o plantio deve procurar o escrit\u00f3rios regionais da Emater-MG de cada regi\u00e3o. Os endere\u00e7os e telefones dos escrit\u00f3rios podem ser encontrados pelo site www.emater.mg.gov.br. <\/p>\n<p>A planta \u00e9 origin\u00e1ria da regi\u00e3o de Sahel, uma \u00e1rea quente e de baixa umidade localizada abaixo do deserto do Saara, na \u00c1frica. Da fam\u00edlia das gram\u00edneas, entrou no Brasil em 1929 no Rio Grande do Sul chegou a Minas no in\u00edcio da d\u00e9cada de 90.<\/p>\n","protected":false},"excerpt":{"rendered":"<p>Produtores rurais do Norte de Minas Gerais t\u00eam aderido ao cultivo do milheto para ajudar a alimentar rebanhos na regi\u00e3o. A planta, uma gram\u00ednea originada da \u00c1frica, serve como pasto ou complemento da alimenta\u00e7\u00e3o do gado. \u00c9 ideal para climas secos e pouco f\u00e9rteis porque cresce com calor e falta de umidade. O milheto precisa [&hellip;]<\/p>\n","protected":false},"author":1,"featured_media":75335,"comment_status":"open","ping_status":"closed","sticky":false,"template":"","format":"standard","meta":{"amp_status":"","footnotes":""},"categories":[1236],"tags":[71038,1018,71041,71035,71040,1194,71036,71037,71034,71039],"class_list":["post-75334","post","type-post","status-publish","format-standard","has-post-thumbnail","hentry","category-norte_de_minas","tag-cultivo-do-milheto","tag-destaque","tag-dicas-sobre-cultivo-de-milheto","tag-milheto","tag-orientacao-sobre-cultivo-de-milheto","tag-porteirinha","tag-producao-de-milheto","tag-producao-de-milheto-no-norte-de-minas","tag-produtores-rurais-aderem-ao-milheto-para-minimizar-falta-de-chuvas-no-norte-de-minas","tag-sidney-rocha"],"_links":{"self":[{"href":"https:\/\/aconteceunovale.com.br\/portal\/index.php?rest_route=\/wp\/v2\/posts\/75334","targetHints":{"allow":["GET"]}}],"collection":[{"href":"https:\/\/aconteceunovale.com.br\/portal\/index.php?rest_route=\/wp\/v2\/posts"}],"about":[{"href":"https:\/\/aconteceunovale.com.br\/portal\/index.php?rest_route=\/wp\/v2\/types\/post"}],"author":[{"embeddable":true,"href":"https:\/\/aconteceunovale.com.br\/portal\/index.php?rest_route=\/wp\/v2\/users\/1"}],"replies":[{"embeddable":true,"href":"https:\/\/aconteceunovale.com.br\/portal\/index.php?rest_route=%2Fwp%2Fv2%2Fcomments&post=75334"}],"version-history":[{"count":0,"href":"https:\/\/aconteceunovale.com.br\/portal\/index.php?rest_route=\/wp\/v2\/posts\/75334\/revisions"}],"wp:featuredmedia":[{"embeddable":true,"href":"https:\/\/aconteceunovale.com.br\/portal\/index.php?rest_route=\/wp\/v2\/media\/75335"}],"wp:attachment":[{"href":"https:\/\/aconteceunovale.com.br\/portal\/index.php?rest_route=%2Fwp%2Fv2%2Fmedia&parent=75334"}],"wp:term":[{"taxonomy":"category","embeddable":true,"href":"https:\/\/aconteceunovale.com.br\/portal\/index.php?rest_route=%2Fwp%2Fv2%2Fcategories&post=75334"},{"taxonomy":"post_tag","embeddable":true,"href":"https:\/\/aconteceunovale.com.br\/portal\/index.php?rest_route=%2Fwp%2Fv2%2Ftags&post=75334"}],"curies":[{"name":"wp","href":"https:\/\/api.w.org\/{rel}","templated":true}]}}