{"id":75326,"date":"2015-12-24T10:35:42","date_gmt":"2015-12-24T13:35:42","guid":{"rendered":"http:\/\/aconteceunovale.com.br\/portal\/?p=75326"},"modified":"2015-12-26T09:16:47","modified_gmt":"2015-12-26T12:16:47","slug":"homens-quebram-porta-de-vidro-e-roubam-veiculo-em-revendedora-de-montes-claros","status":"publish","type":"post","link":"https:\/\/aconteceunovale.com.br\/portal\/?p=75326","title":{"rendered":"Homens quebram porta de vidro e roubam ve\u00edculo em revendedora de Montes Claros"},"content":{"rendered":"<p>A Pol\u00edcia Civil procura por dois ladr\u00f5es respons\u00e1veis por uma a\u00e7\u00e3o ousada em Montes Claros, no norte de Minas Gerais. A dupla invadiu uma concession\u00e1ria na ter\u00e7a-feira (22\/12) e saiu do local dirigindo um carro de luxo avaliado em R$ 100 mil.<\/p>\n<p>O furto ocorreu durante a madrugada. A concession\u00e1ria fica em uma das avenidas mais importantes da cidade. O vigia da empresa estava na outra loja do grupo, que fica do outro lado da rua, e se assustou quando ouviu o barulho do vidro se quebrando.<\/p>\n<p>A a\u00e7\u00e3o foi t\u00e3o r\u00e1pida que o seguran\u00e7a n\u00e3o teve tempo nem de chamar a pol\u00edcia. O crime foi filmado por c\u00e2meras de seguran\u00e7a e por meio das imagens o vigia conseguiu ver como os criminosos agiram.<\/p>\n<p>A pol\u00edcia ainda n\u00e3o sabe como os bandidos conseguiram sair do local dirigindo o ve\u00edculo. As imagens ser\u00e3o analisadas e podem ajudar a identificar os suspeitos.<\/p>\n<p><img decoding=\"async\" src=\"http:\/\/aconteceunovale.com.br\/portal\/wp-content\/uploads\/2015\/12\/roubo_revendedora_moc.jpg\" alt=\"\" \/><em>Estilha\u00e7os de vidro ficaram espalhados pelo ch\u00e3o (Foto: Michelly Oda \/ G1)<\/em><br \/>\n<\/br><\/p>\n<p><em>(Fonte: Record Minas \/ R7)<\/em><\/p>\n","protected":false},"excerpt":{"rendered":"<p>A Pol\u00edcia Civil procura por dois ladr\u00f5es respons\u00e1veis por uma a\u00e7\u00e3o ousada em Montes Claros, no norte de Minas Gerais. A dupla invadiu uma concession\u00e1ria na ter\u00e7a-feira (22\/12) e saiu do local dirigindo um carro de luxo avaliado em R$ 100 mil. O furto ocorreu durante a madrugada. A concession\u00e1ria fica em uma das avenidas [&hellip;]<\/p>\n","protected":false},"author":1,"featured_media":75327,"comment_status":"open","ping_status":"closed","sticky":false,"template":"","format":"standard","meta":{"amp_status":"","footnotes":""},"categories":[1236],"tags":[71020,71023,210,71021,71022],"class_list":["post-75326","post","type-post","status-publish","format-standard","has-post-thumbnail","hentry","category-norte_de_minas","tag-homens-quebram-porta-de-revendedora-e-roubam-veiculo-em-montes-claros","tag-homens-quebram-porta-de-vidro-e-roubam-veiculo-em-revendedora-de-montes-claros","tag-montes-claros","tag-roubo-de-carro-em-revendedora-de-montes-claros","tag-roubo-em-revendedora-de-montes-claros"],"_links":{"self":[{"href":"https:\/\/aconteceunovale.com.br\/portal\/index.php?rest_route=\/wp\/v2\/posts\/75326","targetHints":{"allow":["GET"]}}],"collection":[{"href":"https:\/\/aconteceunovale.com.br\/portal\/index.php?rest_route=\/wp\/v2\/posts"}],"about":[{"href":"https:\/\/aconteceunovale.com.br\/portal\/index.php?rest_route=\/wp\/v2\/types\/post"}],"author":[{"embeddable":true,"href":"https:\/\/aconteceunovale.com.br\/portal\/index.php?rest_route=\/wp\/v2\/users\/1"}],"replies":[{"embeddable":true,"href":"https:\/\/aconteceunovale.com.br\/portal\/index.php?rest_route=%2Fwp%2Fv2%2Fcomments&post=75326"}],"version-history":[{"count":0,"href":"https:\/\/aconteceunovale.com.br\/portal\/index.php?rest_route=\/wp\/v2\/posts\/75326\/revisions"}],"wp:featuredmedia":[{"embeddable":true,"href":"https:\/\/aconteceunovale.com.br\/portal\/index.php?rest_route=\/wp\/v2\/media\/75327"}],"wp:attachment":[{"href":"https:\/\/aconteceunovale.com.br\/portal\/index.php?rest_route=%2Fwp%2Fv2%2Fmedia&parent=75326"}],"wp:term":[{"taxonomy":"category","embeddable":true,"href":"https:\/\/aconteceunovale.com.br\/portal\/index.php?rest_route=%2Fwp%2Fv2%2Fcategories&post=75326"},{"taxonomy":"post_tag","embeddable":true,"href":"https:\/\/aconteceunovale.com.br\/portal\/index.php?rest_route=%2Fwp%2Fv2%2Ftags&post=75326"}],"curies":[{"name":"wp","href":"https:\/\/api.w.org\/{rel}","templated":true}]}}