{"id":75318,"date":"2015-12-24T09:57:02","date_gmt":"2015-12-24T12:57:02","guid":{"rendered":"http:\/\/aconteceunovale.com.br\/portal\/?p=75318"},"modified":"2015-12-24T09:57:02","modified_gmt":"2015-12-24T12:57:02","slug":"colisao-entre-carro-e-caminhao-deixa-dois-feridos-na-br-365-proximo-a-pirapora","status":"publish","type":"post","link":"https:\/\/aconteceunovale.com.br\/portal\/?p=75318","title":{"rendered":"Colis\u00e3o entre carro e caminh\u00e3o deixa dois feridos na BR-365, pr\u00f3ximo a Pirapora"},"content":{"rendered":"<p>Duas pessoas ficaram feridas em um acidente no in\u00edcio da manh\u00e3 desta quinta-feira (24\/12\/2015), na BR-365, pr\u00f3ximo a Pirapora, na regi\u00e3o Norte de Minas.<\/p>\n<p>Segundo a Pol\u00edcia Rodovi\u00e1ria Federal (PRF), um carro de passeio teria batido de frente com um caminh\u00e3o. Com o impacto o motorista, de 41 anos, ficou preso \u00e0s ferragens e foi resgatado pelo Corpo de Bombeiros. O filho do condutor, de 20 anos, que tamb\u00e9m estava no ve\u00edculo, teve ferimentos leves. Os dois foram levados para o hospital da cidade.<\/p>\n<p>A rodovia ficou interditada nos dois sentidos por aproximadamente 40 minutos. (G1)<\/p>\n","protected":false},"excerpt":{"rendered":"<p>Duas pessoas ficaram feridas em um acidente no in\u00edcio da manh\u00e3 desta quinta-feira (24\/12\/2015), na BR-365, pr\u00f3ximo a Pirapora, na regi\u00e3o Norte de Minas. Segundo a Pol\u00edcia Rodovi\u00e1ria Federal (PRF), um carro de passeio teria batido de frente com um caminh\u00e3o. Com o impacto o motorista, de 41 anos, ficou preso \u00e0s ferragens e foi [&hellip;]<\/p>\n","protected":false},"author":1,"featured_media":71442,"comment_status":"open","ping_status":"closed","sticky":false,"template":"","format":"standard","meta":{"amp_status":"","footnotes":""},"categories":[1236],"tags":[71009,71010,31601,2981,71008,71011,71013,254,71012],"class_list":["post-75318","post","type-post","status-publish","format-standard","has-post-thumbnail","hentry","category-norte_de_minas","tag-acidente-em-pirapora","tag-acidente-entre-carro-e-caminhao-em-pirapora","tag-acidente-na-br-365","tag-br-365","tag-colisao-entre-carro-e-caminhao-deixa-dois-feridos-em-pirapora","tag-colisao-entre-carro-e-caminhao-deixa-dois-feridos-na-br-365","tag-colisao-entre-carro-e-caminhao-deixa-dois-feridos-na-br-365-proximo-a-pirapora","tag-pirapora","tag-proximo-a-pirapora"],"_links":{"self":[{"href":"https:\/\/aconteceunovale.com.br\/portal\/index.php?rest_route=\/wp\/v2\/posts\/75318","targetHints":{"allow":["GET"]}}],"collection":[{"href":"https:\/\/aconteceunovale.com.br\/portal\/index.php?rest_route=\/wp\/v2\/posts"}],"about":[{"href":"https:\/\/aconteceunovale.com.br\/portal\/index.php?rest_route=\/wp\/v2\/types\/post"}],"author":[{"embeddable":true,"href":"https:\/\/aconteceunovale.com.br\/portal\/index.php?rest_route=\/wp\/v2\/users\/1"}],"replies":[{"embeddable":true,"href":"https:\/\/aconteceunovale.com.br\/portal\/index.php?rest_route=%2Fwp%2Fv2%2Fcomments&post=75318"}],"version-history":[{"count":0,"href":"https:\/\/aconteceunovale.com.br\/portal\/index.php?rest_route=\/wp\/v2\/posts\/75318\/revisions"}],"wp:featuredmedia":[{"embeddable":true,"href":"https:\/\/aconteceunovale.com.br\/portal\/index.php?rest_route=\/wp\/v2\/media\/71442"}],"wp:attachment":[{"href":"https:\/\/aconteceunovale.com.br\/portal\/index.php?rest_route=%2Fwp%2Fv2%2Fmedia&parent=75318"}],"wp:term":[{"taxonomy":"category","embeddable":true,"href":"https:\/\/aconteceunovale.com.br\/portal\/index.php?rest_route=%2Fwp%2Fv2%2Fcategories&post=75318"},{"taxonomy":"post_tag","embeddable":true,"href":"https:\/\/aconteceunovale.com.br\/portal\/index.php?rest_route=%2Fwp%2Fv2%2Ftags&post=75318"}],"curies":[{"name":"wp","href":"https:\/\/api.w.org\/{rel}","templated":true}]}}