{"id":75316,"date":"2015-12-24T09:44:50","date_gmt":"2015-12-24T12:44:50","guid":{"rendered":"http:\/\/aconteceunovale.com.br\/portal\/?p=75316"},"modified":"2015-12-24T09:44:50","modified_gmt":"2015-12-24T12:44:50","slug":"incendio-danifica-restaurante-em-montes-claros","status":"publish","type":"post","link":"https:\/\/aconteceunovale.com.br\/portal\/?p=75316","title":{"rendered":"Inc\u00eandio danifica restaurante em Montes Claros"},"content":{"rendered":"<p>Um inc\u00eandio atingiu um restaurante na noite dessa quarta-feira (23\/12), no Bairro Santa Rita, em Montes Claros (MG). Segundo o Corpo de Bombeiros, o fogo teria come\u00e7ado na cozinha depois que a mangueira de um dos fornos se rompeu.<\/p>\n<p>A cozinha ficou parcialmente destru\u00edda e o fogo danificou tamb\u00e9m parte da estrutura de uma casa, que fica no segundo andar. O combate \u00e0s chamas durou duas horas e os bombeiros utilizaram quatro mil litros de \u00e1gua. <\/p>\n<p>Ainda de acordo com os militares, o local foi isolado e deve passar por uma vistoria. Ningu\u00e9m ficou ferido.<\/p>\n<p>Assista ao v\u00eddeo:<\/p>\n<div id=\"fb-root\"><\/div>\n<p><script>(function(d, s, id) {  var js, fjs = d.getElementsByTagName(s)[0];  if (d.getElementById(id)) return;  js = d.createElement(s); js.id = id;  js.src = \"\/\/connect.facebook.net\/pt_BR\/sdk.js#xfbml=1&version=v2.3\";  fjs.parentNode.insertBefore(js, fjs);}(document, 'script', 'facebook-jssdk'));<\/script><\/p>\n<div class=\"fb-video\" data-allowfullscreen=\"1\" data-href=\"\/328638393814436\/videos\/vb.328638393814436\/1088777914467143\/?type=3\">\n<div class=\"fb-xfbml-parse-ignore\">\n<blockquote cite=\"https:\/\/www.facebook.com\/328638393814436\/videos\/1088777914467143\/\"><p><a href=\"https:\/\/www.facebook.com\/328638393814436\/videos\/1088777914467143\/\"><\/a><\/p>\n<p>Inc\u00eandio Um bar na Rua Carangola  no bairro Santa Rita pegou fogo na noite de ontem informa\u00e7\u00f5es  que estava tendo show ao vivo  na hora corpo de bombeiros foi acionado e o fogo foi controlado. Sem feridos<\/p>\n<p>Posted by <a href=\"https:\/\/www.facebook.com\/Eventos-Moc-328638393814436\/\">Eventos Moc<\/a> on Quarta, 23 de dezembro de 2015<\/p><\/blockquote>\n<\/div>\n<\/div>\n<p><\/br><\/p>\n<p><em>(Fonte: G1 Grande Minas)<\/em><\/p>\n","protected":false},"excerpt":{"rendered":"<p>Um inc\u00eandio atingiu um restaurante na noite dessa quarta-feira (23\/12), no Bairro Santa Rita, em Montes Claros (MG). Segundo o Corpo de Bombeiros, o fogo teria come\u00e7ado na cozinha depois que a mangueira de um dos fornos se rompeu. A cozinha ficou parcialmente destru\u00edda e o fogo danificou tamb\u00e9m parte da estrutura de uma casa, [&hellip;]<\/p>\n","protected":false},"author":1,"featured_media":62390,"comment_status":"open","ping_status":"closed","sticky":false,"template":"","format":"standard","meta":{"amp_status":"","footnotes":""},"categories":[1236],"tags":[71003,71006,71007,71004,71005,210],"class_list":["post-75316","post","type-post","status-publish","format-standard","has-post-thumbnail","hentry","category-norte_de_minas","tag-bombeiros-controlam-incendio-em-restaurante-de-montes-claros","tag-incendio-bar-montes-claros","tag-incendio-danifica-restaurante-em-montes-claros","tag-incendio-montes-claros","tag-incendio-restaurante-montes-claros","tag-montes-claros"],"_links":{"self":[{"href":"https:\/\/aconteceunovale.com.br\/portal\/index.php?rest_route=\/wp\/v2\/posts\/75316","targetHints":{"allow":["GET"]}}],"collection":[{"href":"https:\/\/aconteceunovale.com.br\/portal\/index.php?rest_route=\/wp\/v2\/posts"}],"about":[{"href":"https:\/\/aconteceunovale.com.br\/portal\/index.php?rest_route=\/wp\/v2\/types\/post"}],"author":[{"embeddable":true,"href":"https:\/\/aconteceunovale.com.br\/portal\/index.php?rest_route=\/wp\/v2\/users\/1"}],"replies":[{"embeddable":true,"href":"https:\/\/aconteceunovale.com.br\/portal\/index.php?rest_route=%2Fwp%2Fv2%2Fcomments&post=75316"}],"version-history":[{"count":0,"href":"https:\/\/aconteceunovale.com.br\/portal\/index.php?rest_route=\/wp\/v2\/posts\/75316\/revisions"}],"wp:featuredmedia":[{"embeddable":true,"href":"https:\/\/aconteceunovale.com.br\/portal\/index.php?rest_route=\/wp\/v2\/media\/62390"}],"wp:attachment":[{"href":"https:\/\/aconteceunovale.com.br\/portal\/index.php?rest_route=%2Fwp%2Fv2%2Fmedia&parent=75316"}],"wp:term":[{"taxonomy":"category","embeddable":true,"href":"https:\/\/aconteceunovale.com.br\/portal\/index.php?rest_route=%2Fwp%2Fv2%2Fcategories&post=75316"},{"taxonomy":"post_tag","embeddable":true,"href":"https:\/\/aconteceunovale.com.br\/portal\/index.php?rest_route=%2Fwp%2Fv2%2Ftags&post=75316"}],"curies":[{"name":"wp","href":"https:\/\/api.w.org\/{rel}","templated":true}]}}