{"id":75313,"date":"2015-12-24T09:34:20","date_gmt":"2015-12-24T12:34:20","guid":{"rendered":"http:\/\/aconteceunovale.com.br\/portal\/?p=75313"},"modified":"2015-12-24T09:34:20","modified_gmt":"2015-12-24T12:34:20","slug":"municipios-do-leste-de-minas-ganham-plano-de-urgencia-para-enfrentamento-da-seca","status":"publish","type":"post","link":"https:\/\/aconteceunovale.com.br\/portal\/?p=75313","title":{"rendered":"Munic\u00edpios do Leste de Minas ganham Plano de Urg\u00eancia para Enfrentamento da Seca"},"content":{"rendered":"<p>Os munic\u00edpios do Vale do Rio Doce ganharam nessa quarta-feira, 23 de dezembro, um Plano de Urg\u00eancia para Enfrentamento da Seca. O projeto foi lan\u00e7ado na sede da Federa\u00e7\u00e3o das Ind\u00fastrias do Estado de Minas Gerais &#8211; Regional Rio Doce (FIEMG Rio Doce), em Governador Valadares. Ao todo, ser\u00e3o destinados pelo governo do estado, R$ 33 milh\u00f5es para o enfrentamento da seca no Vale do Rio Doce e nas regi\u00f5es Norte e Nordeste de Minas.<\/p>\n<p>Segundo o Governo de Minas, ser\u00e3o atendidas 69,3 mil fam\u00edlias em 2.830 comunidades, nos 129 munic\u00edpio na \u00e1rea de atua\u00e7\u00e3o da Secretaria de Estado de Desenvolvimento e Integra\u00e7\u00e3o do Norte e Nordeste do Estado (Sedinor).<\/p>\n<p>A Prefeita de Governador Valadares, Elisa Costa, disse que o plano prev\u00ea a destina\u00e7\u00e3o de R$ 28 milh\u00f5es para abastecimento de \u00e1gua, como a perfura\u00e7\u00e3o e equipagem de po\u00e7os em comunidades que n\u00e3o t\u00eam acesso a \u00e1gua ou que percorrem grandes dist\u00e2ncias para conseguir o benef\u00edcio, al\u00e9m da compra de 30 caminh\u00f5es-pipa distribu\u00eddos em sete associa\u00e7\u00f5es microrregionais. Outros R$ 5 milh\u00f5es ser\u00e3o destinados a gera\u00e7\u00e3o de renda por meio do fortalecimento da agricultura familiar. Ser\u00e3o distribu\u00eddos 79 mil sacos de sementes de feij\u00e3o, sorgo e milho aos agricultores familiares, preferencialmente os que estiverem inseridos no programa \u201cUm Leite pela Vida.\u201d<\/p>\n<p>O secret\u00e1rio de Desenvolvimento e Integra\u00e7\u00e3o do Norte e Nordeste, Paulo Guedes, informou que 137 munic\u00edpios j\u00e1 decretaram situa\u00e7\u00e3o de emerg\u00eancia em Minas Gerais pela falta de \u00e1gua, sendo que 129 est\u00e3o localizados nas regi\u00f5es Norte e Nordeste no Estado. Ele disse ainda que os prefeitos devem procurar os escrit\u00f3rios regionais do Instituto de Desenvolvimento do Norte e Nordeste de Minas Gerais (Idene) para fazer o pedido de perfura\u00e7\u00e3o de po\u00e7os artesianos e de equipamentos, caso j\u00e1 tenham po\u00e7os perfurados.<\/p>\n<p><img decoding=\"async\" src=\"http:\/\/aconteceunovale.com.br\/portal\/wp-content\/uploads\/2015\/12\/enfrentamento_seca_gv.jpg\" alt=\"\" \/><em>Lan\u00e7amento do plano foi feito na sede da Fiemg Rio Doce (Foto: Divulga\u00e7\u00e3o \/ Prefeitura de Valadares)<\/em><br \/>\n<\/br><\/p>\n<p><em>(Fonte: G1 dos Vales)<\/em><\/p>\n","protected":false},"excerpt":{"rendered":"<p>Os munic\u00edpios do Vale do Rio Doce ganharam nessa quarta-feira, 23 de dezembro, um Plano de Urg\u00eancia para Enfrentamento da Seca. O projeto foi lan\u00e7ado na sede da Federa\u00e7\u00e3o das Ind\u00fastrias do Estado de Minas Gerais &#8211; Regional Rio Doce (FIEMG Rio Doce), em Governador Valadares. Ao todo, ser\u00e3o destinados pelo governo do estado, R$ [&hellip;]<\/p>\n","protected":false},"author":1,"featured_media":75314,"comment_status":"open","ping_status":"closed","sticky":false,"template":"","format":"standard","meta":{"amp_status":"","footnotes":""},"categories":[121],"tags":[1886,71000,71002,17364,68342,70999,60056,14774,71001],"class_list":["post-75313","post","type-post","status-publish","format-standard","has-post-thumbnail","hentry","category-leste","tag-elisa-costa","tag-enfrentamento-da-seca-no-vale-do-rio-doce","tag-municipios-do-leste-de-minas-ganham-plano-de-urgencia-para-enfrentamento-da-seca","tag-paulo-guedes","tag-plano-de-urgencia-para-enfrentamento-da-seca","tag-plano-de-urgencia-para-enfrentamento-da-seca-no-vale-do-rio-doce","tag-prefeita-de-governador-valadares","tag-seca-no-vale-do-rio-doce","tag-secretario-de-desenvolvimento-e-integracao-do-norte-e-nordeste"],"_links":{"self":[{"href":"https:\/\/aconteceunovale.com.br\/portal\/index.php?rest_route=\/wp\/v2\/posts\/75313","targetHints":{"allow":["GET"]}}],"collection":[{"href":"https:\/\/aconteceunovale.com.br\/portal\/index.php?rest_route=\/wp\/v2\/posts"}],"about":[{"href":"https:\/\/aconteceunovale.com.br\/portal\/index.php?rest_route=\/wp\/v2\/types\/post"}],"author":[{"embeddable":true,"href":"https:\/\/aconteceunovale.com.br\/portal\/index.php?rest_route=\/wp\/v2\/users\/1"}],"replies":[{"embeddable":true,"href":"https:\/\/aconteceunovale.com.br\/portal\/index.php?rest_route=%2Fwp%2Fv2%2Fcomments&post=75313"}],"version-history":[{"count":0,"href":"https:\/\/aconteceunovale.com.br\/portal\/index.php?rest_route=\/wp\/v2\/posts\/75313\/revisions"}],"wp:featuredmedia":[{"embeddable":true,"href":"https:\/\/aconteceunovale.com.br\/portal\/index.php?rest_route=\/wp\/v2\/media\/75314"}],"wp:attachment":[{"href":"https:\/\/aconteceunovale.com.br\/portal\/index.php?rest_route=%2Fwp%2Fv2%2Fmedia&parent=75313"}],"wp:term":[{"taxonomy":"category","embeddable":true,"href":"https:\/\/aconteceunovale.com.br\/portal\/index.php?rest_route=%2Fwp%2Fv2%2Fcategories&post=75313"},{"taxonomy":"post_tag","embeddable":true,"href":"https:\/\/aconteceunovale.com.br\/portal\/index.php?rest_route=%2Fwp%2Fv2%2Ftags&post=75313"}],"curies":[{"name":"wp","href":"https:\/\/api.w.org\/{rel}","templated":true}]}}