{"id":75299,"date":"2015-12-24T09:00:38","date_gmt":"2015-12-24T12:00:38","guid":{"rendered":"http:\/\/aconteceunovale.com.br\/portal\/?p=75299"},"modified":"2015-12-24T09:00:38","modified_gmt":"2015-12-24T12:00:38","slug":"bloqueio-da-br-381-em-estiva-ja-dura-mais-de-24-horas","status":"publish","type":"post","link":"https:\/\/aconteceunovale.com.br\/portal\/?p=75299","title":{"rendered":"Bloqueio da BR-381 em Estiva j\u00e1 dura mais de 24 horas"},"content":{"rendered":"<p>A interdi\u00e7\u00e3o da BR-381 em Estiva, no Sul de Minas Gerais, j\u00e1 dura mais de 24 horas. A rodovia teve o tr\u00e1fego de ve\u00edculos impedido na manh\u00e3 de quarta-feira (23\/12\/2015), ap\u00f3s um caminh\u00e3o bater em uma passarela na altura do km 877.<\/p>\n<p>Segundo a PRF (Pol\u00edcia Rodovi\u00e1ria Federal), a interdi\u00e7\u00e3o deve ser mantida durante toda a manh\u00e3 desta quinta-feira. Isso porque h\u00e1 risco de desabamento da passarela atingida pelo ve\u00edculo de carga e a estrutura ter\u00e1 que ser removida.<\/p>\n<p>Por causa disso, o congestionamento de ve\u00edculos no sentido Belo Horizonte \u00e9 de 20 quil\u00f4metros. Na noite de quarta-feira e madrugada desta quinta, a fila chegou a 30 quil\u00f4metros.<\/p>\n<p>Ainda conforme a PRF, os ve\u00edculos de passeio est\u00e3o sendo desviados. Mas, carretas e caminh\u00f5es devem aguardar a libera\u00e7\u00e3o do tr\u00e2nsito na rodovia, que deve acontecer somente na tarde desta quinta.<\/p>\n<p><img decoding=\"async\" src=\"http:\/\/aconteceunovale.com.br\/portal\/wp-content\/uploads\/2015\/12\/bloqueio_381_estiva_1.jpg\" alt=\"\" \/><em>Motorista teria perdido controle do caminh\u00e3o e colidido na passarela &#8211; Foto: Divulga\u00e7\u00e3o \/ PRF<\/em><br \/>\n<\/br><\/p>\n<p><img decoding=\"async\" src=\"http:\/\/aconteceunovale.com.br\/portal\/wp-content\/uploads\/2015\/12\/bloqueio_381_estiva_2.jpg\" alt=\"\" \/><em>Motorista teria perdido controle do caminh\u00e3o e colidido na passarela &#8211; Foto: Divulga\u00e7\u00e3o \/ PRF<\/em><br \/>\n<\/br><\/p>\n<p><img decoding=\"async\" src=\"http:\/\/aconteceunovale.com.br\/portal\/wp-content\/uploads\/2015\/12\/bloqueio_381_estiva_3.jpg\" alt=\"\" \/><em>Motorista teria perdido controle do caminh\u00e3o e colidido na passarela &#8211; Foto: Divulga\u00e7\u00e3o \/ PRF<\/em><br \/>\n<\/br><\/p>\n<p><img decoding=\"async\" src=\"http:\/\/aconteceunovale.com.br\/portal\/wp-content\/uploads\/2015\/12\/bloqueio_381_estiva_4.jpg\" alt=\"\" \/><em>Motorista teria perdido controle do caminh\u00e3o e colidido na passarela &#8211; Foto: Divulga\u00e7\u00e3o \/ PRF<\/em><br \/>\n<\/br><\/p>\n<p><img decoding=\"async\" src=\"http:\/\/aconteceunovale.com.br\/portal\/wp-content\/uploads\/2015\/12\/bloqueio_381_estiva_5.jpg\" alt=\"\" \/><em>Motorista teria perdido controle do caminh\u00e3o e colidido na passarela &#8211; Foto: Divulga\u00e7\u00e3o \/ PRF<\/em><br \/>\n<\/br><\/p>\n<p><em>(Fonte: Record Minas \/ R7)<\/em><\/p>\n","protected":false},"excerpt":{"rendered":"<p>A interdi\u00e7\u00e3o da BR-381 em Estiva, no Sul de Minas Gerais, j\u00e1 dura mais de 24 horas. A rodovia teve o tr\u00e1fego de ve\u00edculos impedido na manh\u00e3 de quarta-feira (23\/12\/2015), ap\u00f3s um caminh\u00e3o bater em uma passarela na altura do km 877. Segundo a PRF (Pol\u00edcia Rodovi\u00e1ria Federal), a interdi\u00e7\u00e3o deve ser mantida durante toda [&hellip;]<\/p>\n","protected":false},"author":1,"featured_media":75300,"comment_status":"open","ping_status":"closed","sticky":false,"template":"","format":"standard","meta":{"amp_status":"","footnotes":""},"categories":[123],"tags":[70951,70950,70952,70949,70948],"class_list":["post-75299","post","type-post","status-publish","format-standard","has-post-thumbnail","hentry","category-gerais","tag-bloqueio-da-br-381","tag-bloqueio-da-br-381-em-estiva","tag-bloqueio-da-br-381-em-estiva-ja-dura-mais-de-24-horas","tag-interdicao-da-br-381","tag-interdicao-da-br-381-em-estiva"],"_links":{"self":[{"href":"https:\/\/aconteceunovale.com.br\/portal\/index.php?rest_route=\/wp\/v2\/posts\/75299","targetHints":{"allow":["GET"]}}],"collection":[{"href":"https:\/\/aconteceunovale.com.br\/portal\/index.php?rest_route=\/wp\/v2\/posts"}],"about":[{"href":"https:\/\/aconteceunovale.com.br\/portal\/index.php?rest_route=\/wp\/v2\/types\/post"}],"author":[{"embeddable":true,"href":"https:\/\/aconteceunovale.com.br\/portal\/index.php?rest_route=\/wp\/v2\/users\/1"}],"replies":[{"embeddable":true,"href":"https:\/\/aconteceunovale.com.br\/portal\/index.php?rest_route=%2Fwp%2Fv2%2Fcomments&post=75299"}],"version-history":[{"count":0,"href":"https:\/\/aconteceunovale.com.br\/portal\/index.php?rest_route=\/wp\/v2\/posts\/75299\/revisions"}],"wp:featuredmedia":[{"embeddable":true,"href":"https:\/\/aconteceunovale.com.br\/portal\/index.php?rest_route=\/wp\/v2\/media\/75300"}],"wp:attachment":[{"href":"https:\/\/aconteceunovale.com.br\/portal\/index.php?rest_route=%2Fwp%2Fv2%2Fmedia&parent=75299"}],"wp:term":[{"taxonomy":"category","embeddable":true,"href":"https:\/\/aconteceunovale.com.br\/portal\/index.php?rest_route=%2Fwp%2Fv2%2Fcategories&post=75299"},{"taxonomy":"post_tag","embeddable":true,"href":"https:\/\/aconteceunovale.com.br\/portal\/index.php?rest_route=%2Fwp%2Fv2%2Ftags&post=75299"}],"curies":[{"name":"wp","href":"https:\/\/api.w.org\/{rel}","templated":true}]}}