{"id":75296,"date":"2015-12-23T22:18:08","date_gmt":"2015-12-24T01:18:08","guid":{"rendered":"http:\/\/aconteceunovale.com.br\/portal\/?p=75296"},"modified":"2015-12-23T22:18:58","modified_gmt":"2015-12-24T01:18:58","slug":"conceicao-do-mato-dentro-recebe-o-violas-do-intendente-com-programacao-cultural-especial-para-o-dia-de-natal","status":"publish","type":"post","link":"https:\/\/aconteceunovale.com.br\/portal\/?p=75296","title":{"rendered":"Concei\u00e7\u00e3o do Mato Dentro recebe o Violas do Intendente com programa\u00e7\u00e3o cultural especial para o dia de Natal"},"content":{"rendered":"<p>O projeto Violas do Intendente traz de presente para a popula\u00e7\u00e3o de Concei\u00e7\u00e3o de Mato Dentro e regi\u00e3o, grandes violeiros, que se reunir\u00e3o para o show especial de natal VivaViola com apresenta\u00e7\u00f5es de Bilora, Gustavo Guimar\u00e3es, Joaci Ornelas e Wilson Dias, al\u00e9m de violeiros locais.Para abrilhantar esse dia t\u00e3o especial,o projeto ser\u00e1 realizado conjuntamente com a \u00faltima edi\u00e7\u00e3o do ano do, j\u00e1 tradicional evento da prefeitura, Sexta Cultural.<\/p>\n<p>Em sua primeira edi\u00e7\u00e3o, o Projeto Violas do Intendente apresenta violeiros mineiros que re\u00fanem qualidade musical, sensibilidade art\u00edstica e o compromisso com a criatividade nas ra\u00edzes da cultura popular. O projeto busca resgatar as manifesta\u00e7\u00f5es culturais t\u00edpicas da regi\u00e3o de Concei\u00e7\u00e3o do Mato Dentro, al\u00e9m de  fomentar a cultura local, a democratiza\u00e7\u00e3o de acesso a eventos culturais, e a promo\u00e7\u00e3o ao lazer e entretenimento \u00e0 popula\u00e7\u00e3o da cidade. \u00c9 patrocinado pela Companhia de Desenvolvimento Econ\u00f4mico de Minas Gerais &#8211; Codemig e recebe o apoio da Prefeitura Municipal de Concei\u00e7\u00e3o do Mato Dentro, por meio da Secretaria Municipal de Cultura.<\/p>\n<p>O projeto da Prefeitura de Concei\u00e7\u00e3o do Mato Dentro, Sexta Cultural, visa dar espa\u00e7o e visibilidade para o artista e produtor local. Nesta edi\u00e7\u00e3o de encerramento de 2015, junta-se ao projeto Violas do Intendente que busca valorizar as tradi\u00e7\u00f5es da cultura caipira e da cultura local, e prop\u00f5e um festival para celebrar as ricas modas de viola, al\u00e9m das manifesta\u00e7\u00f5es culturais t\u00edpicas da regi\u00e3o, como o congado e a marujada. A programa\u00e7\u00e3o \u00e9 gratuita e o p\u00fablico vai curtir muita moda de viola, al\u00e9m de apresenta\u00e7\u00f5es da cultura popular da cidade, a Marujada, seguido dos shows do Violas do Intendente no Largo do Ros\u00e1rio \u00e0s 19h30 do dia 25 de dezembro, sexta-feira.<\/p>\n<p><strong>Abertura oficial do Violas do Intendente<\/strong><\/p>\n<p>A Marujada de Concei\u00e7\u00e3o do Mato Dentro faz a abertura o projeto. Essa tradicional manifesta\u00e7\u00e3o da cultura popular tem sua origem em terras portuguesas. Ligada ao drama vivido nas viagens mar\u00edtimas pelos descobridores de novas terras, entre elas o Brasil, a marujada se espalhou em todos os cantos do pa\u00eds. N\u00e3o sendo diferente em Concei\u00e7\u00e3o do Mato Dentro, os marujeiros, tocadores de p\u00edfaros, ou pipiru\u00ed, como eram popularmente chamados, consistem em parte integrante indispens\u00e1vel da festa do reinado, dada \u00e0 tradi\u00e7\u00e3o, tamb\u00e9m de s\u00e9culos, da presen\u00e7a desses nestas ocasi\u00f5es.<\/p>\n<p><strong>Show VivaViola<\/strong><\/p>\n<p>O VivaViola ser\u00e1 representado por quatro importantes e talentosos violeiros, cantadores e compositores de Minas: Bilora, Gustavo Guimar\u00e3es, Joaci Ornelas e Wilson Dias. Musicalmente o grupo \u00e9 composto de diversos ritmos brasileiros como: Toadas, modas, guar\u00e3neas, batuques e calangos, tratados de maneira singular, preservando as origens, mas, incorporando novos elementos da m\u00fasica contempor\u00e2nea.<\/p>\n<p>A musicalidade do VivaViola \u00e9 a soma dos talentos e da criatividade individual dos violeiros integrantes. Cada um vem de uma regi\u00e3o diferente de Minas, cada um tem sua hist\u00f3ria e um sotaque que lhes \u00e9 peculiar, mas que se unificam em um elo comum a todos: a cultura popular e o gosto pela viola. No coletivo trazem uma diversidade de toques de viola, ritmos e uma riqueza po\u00e9tica a partir das viv\u00eancias de cada um e sua rela\u00e7\u00e3o com seu lugar de origem.<\/p>\n<p><strong>Os Violeiros: <\/strong><\/p>\n<p><img decoding=\"async\" src=\"http:\/\/aconteceunovale.com.br\/portal\/wp-content\/uploads\/2015\/12\/viola_dos_intendentes.jpg\" alt=\"\" \/><br \/>\n<\/br><\/p>\n<p><strong>Bilora<\/strong><\/p>\n<p>\u00c9 m\u00fasico, violeiro e compositor, tem quatro discos gravados, o mais recente Balanci\u00f4 (2013). Ganhador de v\u00e1rios pr\u00eamios em festivais da can\u00e7\u00e3o pelo Brasil, entre eles o 3\u00ba lugar com a m\u00fasica \u201cTempo das \u00c1guas\u201d no Festival da M\u00fasica Brasileira de 2000, da Rede Globo. Bilora nasceu no C\u00f3rrego do Norte, Santa Helena de Minas, Vale do Mucuri, divisa com o sul da Bahia. Ali viveu at\u00e9 os 28 anos em conv\u00edvio com a cultura popular do lugar, como: batuques, folia de reis, cantigas de roda, festas juninas, etc. Atualmente reside em Contagem, MG.<\/p>\n<p><strong>Gustavo Guimar\u00e3es<\/strong><\/p>\n<p>Nasceu em Diamantina, cresceu em meio \u00e0 mata, c\u00f3rregos e fazendas da regi\u00e3o. Foi influenciado por v\u00e1rias manifesta\u00e7\u00f5es culturais, como: Folia de Reis e o Congado. M\u00fasico autodidata aprendeu com mestres diferentes t\u00e9cnicas e toques de viola.  Em 2008, gravou seu primeiro CD, de nome &#8220;Vaqueiro&#8221;.  Seu segundo \u00e1lbum foi gravado em 2012, intitulado Viola de todos e contou com a participa\u00e7\u00e3o especial do violeiro Wilson Dias.<\/p>\n<p><strong>Joaci Ornelas<\/strong><\/p>\n<p>Natural de Salinas, Norte de Minas, Joaci Ornelas \u00e9 cantador, compositor e instrumentista. Estudou teoria musical, harmonia e hist\u00f3ria da m\u00fasica em Belo Horizonte. Autodidata em viola caipira, influenciado por mestres violeiros do norte de Minas, Renato Andrade e Z\u00e9 Coco do Riach\u00e3o. Gravou o CD Andejo, que re\u00fane mais de 15 anos de trabalho e pesquisa de cultura popular nos vales do S\u00e3o Francisco e Jequitinhonha.<\/p>\n<p><strong>Wilson Dias<\/strong><\/p>\n<p>Tradicional e moderno, Wilson Dias, violeiro, cantor e compositor nascido em Olhos D\u2019\u00e1gua no norte de Minas &#8211; Vale do Jequitinhonha, traz na bagagem a musicalidade e os ensinamentos da nossa cultura popular, um som enraizado no Brasil profundo, mas com asas para voar o mundo afora. Com 8 CDs gravados, seu \u00faltimo trabalho foi Lume de 2013.<\/p>\n<p><strong>SERVI\u00c7O<\/strong><\/p>\n<p>Evento: Violas do Intendente<br \/>\nLocal: Largo do Ros\u00e1rio em Concei\u00e7\u00e3o do Mato Dentro &#8211; MG<br \/>\nData: 25 de dezembro de 2015, sexta-feira.<br \/>\nHor\u00e1rio: a partir de 19h30<br \/>\nShows gratuitos<\/p>\n","protected":false},"excerpt":{"rendered":"<p>O projeto Violas do Intendente traz de presente para a popula\u00e7\u00e3o de Concei\u00e7\u00e3o de Mato Dentro e regi\u00e3o, grandes violeiros, que se reunir\u00e3o para o show especial de natal VivaViola com apresenta\u00e7\u00f5es de Bilora, Gustavo Guimar\u00e3es, Joaci Ornelas e Wilson Dias, al\u00e9m de violeiros locais.Para abrilhantar esse dia t\u00e3o especial,o projeto ser\u00e1 realizado conjuntamente com [&hellip;]<\/p>\n","protected":false},"author":1,"featured_media":75297,"comment_status":"open","ping_status":"closed","sticky":false,"template":"","format":"standard","meta":{"amp_status":"","footnotes":""},"categories":[125],"tags":[70942,628,70938,70937,70939,70946,198,70943,70944,973,70945,190,990,70940,70941,70947,43493],"class_list":["post-75296","post","type-post","status-publish","format-standard","has-post-thumbnail","hentry","category-noticias","tag-bilora","tag-conceicao-do-mato-dentro","tag-conceicao-do-mato-dentro-recebe-o-violas-do-intendente","tag-conceicao-do-mato-dentro-recebe-o-violas-do-intendente-com-programacao-cultural-especial-para-o-dia-de-natal","tag-conceicao-do-mato-dentro-violas-do-intendente","tag-corrego-do-norte","tag-diamantina","tag-gustavo-guimaraes","tag-joaci-ornelas","tag-olhos-dagua","tag-projeto-violas-do-intendente","tag-salinas","tag-santa-helena-de-minas","tag-violas-do-intendente","tag-violas-do-intendente-em-conceicao-do-mato-dentro","tag-violas-do-intendente-no-dia-de-natal-em-conceicao-do-mato-dentro","tag-wilson-dias"],"_links":{"self":[{"href":"https:\/\/aconteceunovale.com.br\/portal\/index.php?rest_route=\/wp\/v2\/posts\/75296","targetHints":{"allow":["GET"]}}],"collection":[{"href":"https:\/\/aconteceunovale.com.br\/portal\/index.php?rest_route=\/wp\/v2\/posts"}],"about":[{"href":"https:\/\/aconteceunovale.com.br\/portal\/index.php?rest_route=\/wp\/v2\/types\/post"}],"author":[{"embeddable":true,"href":"https:\/\/aconteceunovale.com.br\/portal\/index.php?rest_route=\/wp\/v2\/users\/1"}],"replies":[{"embeddable":true,"href":"https:\/\/aconteceunovale.com.br\/portal\/index.php?rest_route=%2Fwp%2Fv2%2Fcomments&post=75296"}],"version-history":[{"count":0,"href":"https:\/\/aconteceunovale.com.br\/portal\/index.php?rest_route=\/wp\/v2\/posts\/75296\/revisions"}],"wp:featuredmedia":[{"embeddable":true,"href":"https:\/\/aconteceunovale.com.br\/portal\/index.php?rest_route=\/wp\/v2\/media\/75297"}],"wp:attachment":[{"href":"https:\/\/aconteceunovale.com.br\/portal\/index.php?rest_route=%2Fwp%2Fv2%2Fmedia&parent=75296"}],"wp:term":[{"taxonomy":"category","embeddable":true,"href":"https:\/\/aconteceunovale.com.br\/portal\/index.php?rest_route=%2Fwp%2Fv2%2Fcategories&post=75296"},{"taxonomy":"post_tag","embeddable":true,"href":"https:\/\/aconteceunovale.com.br\/portal\/index.php?rest_route=%2Fwp%2Fv2%2Ftags&post=75296"}],"curies":[{"name":"wp","href":"https:\/\/api.w.org\/{rel}","templated":true}]}}