{"id":74891,"date":"2015-12-18T17:18:37","date_gmt":"2015-12-18T20:18:37","guid":{"rendered":"http:\/\/aconteceunovale.com.br\/portal\/?p=74891"},"modified":"2015-12-18T17:18:37","modified_gmt":"2015-12-18T20:18:37","slug":"homem-e-preso-por-assediar-adolescente-em-onibus-que-seguia-para-o-norte-de-minas","status":"publish","type":"post","link":"https:\/\/aconteceunovale.com.br\/portal\/?p=74891","title":{"rendered":"Homem \u00e9 preso por assediar adolescente em \u00f4nibus que seguia para o Norte de Minas"},"content":{"rendered":"<p>O retorno para casa se tornou angustiante para uma adolescente de 14 anos que estava sozinha em um \u00f4nibus interestadual e sofreu abuso sexual durante a madrugada desta sexta-feira (18\/12), por outro passageiro que estava sentado em uma cadeira ao seu lado. O suspeito foi detido pela manh\u00e3 na BR-381, em Contagem, na regi\u00e3o metropolitana de Belo Horizonte, por agentes da Pol\u00edcia Rodovi\u00e1ria Federal (PRF).<\/p>\n<p>Para acionar a pol\u00edcia, a adolescente teve a ajuda da passageira que estava atr\u00e1s dela no \u00f4nibus de viagem, que deixou S\u00e3o Paulo e seguia em dire\u00e7\u00e3o \u00e0 Espinosa, no interior de Minas, conforme informa\u00e7\u00f5es da PRF. A jovem \u00e9 de Lassance, cidade do Norte de Minas, e retornava para casa.<\/p>\n<p>&#8220;A mulher observou que, desde o in\u00edcio da viagem, o suspeito identificado como A.C.G.D.M, de 32 anos, puxou conversa com a v\u00edtima&#8221;, explicou o inspetor Aristides J\u00fanior, chefe da comunica\u00e7\u00e3o social da PRF. Conforme o relato da testemunha, durante as paradas, o suspeito teria pago lanches para a menor.<\/p>\n<p>&#8220;Por volta de 5h, a passageira, que observava os dois, que estavam nas cadeiras da frente, percebeu que a jovem chorava muito e estava nervosa. A mulher acionou o motorista do \u00f4nibus e contou o que acontecia&#8221;, lembrou J\u00fanior.<\/p>\n<p>A passageira ainda chegou a emprestar o pr\u00f3prio celular para a jovem enviar uma mensagem para a fam\u00edlia. No texto, a v\u00edtima pedia para que o pai a esperasse na rodovi\u00e1ria de Lassance e dizia que era urgente, quest\u00e3o de emerg\u00eancia.<\/p>\n<p>&#8220;Ap\u00f3s receber o celular, a mulher explicou a situa\u00e7\u00e3o para o motorista e, ao passar pelo KM 528, o condutor parou e pediu ajuda para agentes da PRF que atendiam a um acidente no trecho&#8221;, contou.<\/p>\n<p>A jovem confirmou que, no fim da madrugada, sentiu o criminoso passando as m\u00e3os pelas suas pernas e nos seus seios. Ele ainda teria tentado beij\u00e1-la. Por medo, durante o abuso, ela permaneceu calada e chorando, segundo informa\u00e7\u00f5es da PRF.   <\/p>\n<p>A v\u00edtima contou que conversou a viagem inteira com o suspeito, mas disse n\u00e3o ter percebido que poderia ser v\u00edtima dele. Ela s\u00f3 percebeu as inten\u00e7\u00f5es do criminoso quando ele come\u00e7ou a passar a m\u00e3o nela. <\/p>\n<p>Ainda segundo a PRF, o suspeito negou o crime, mas acabou detido. Todos os envolvidos foram encaminhados para a Delegacia de Plant\u00e3o da Pol\u00edcia Civil.<\/p>\n<p>&#8220;O Conselho Tutelar de Contagem foi acionado, j\u00e1 que a v\u00edtima estava sozinha, e acompanhou o registro da ocorr\u00eancia at\u00e9 a chegada do pai da v\u00edtima, que mora no interior do Estado e ap\u00f3s ser informado, seguiu para Contagem&#8221;, encerrou J\u00fanior.  O \u00f3rg\u00e3o declarou n\u00e3o poder passar nenhuma informa\u00e7\u00e3o sobre os casos recebidos por eles.<\/p>\n<p>A adolescente, o suspeito e os policiais rodovi\u00e1rios federais que atuaram no caso foram ouvidos pela delegada Marina Cardoso, na Delegacia de Plant\u00e3o de Contagem. De acordo com a Pol\u00edcia Civil, A.C.G.D.M ser\u00e1 autuado em flagrante por estupro de menor de 18 anos e encaminhado para o Centro de Remanejamento do Sistema Prisional (Ceresp) Contagem. Ele n\u00e3o tinha passagens anteriores pela pol\u00edcia.<\/p>\n<p><img decoding=\"async\" src=\"http:\/\/aconteceunovale.com.br\/portal\/wp-content\/uploads\/2015\/12\/assedio_espinosa.jpg\" alt=\"\" \/><em>Menina mandou mensagem para o pai ap\u00f3s ser abusada &#8211; Foto: Divulga\u00e7\u00e3o \/ PRF<\/em><br \/>\n<\/br><\/p>\n<p><strong>Lembrete importante<\/strong><\/p>\n<p>As crian\u00e7as com idade inferior aos 12 anos s\u00f3 podem realizar viagens mediante a autoriza\u00e7\u00e3o do pai ou respons\u00e1vel. J\u00e1 os adolescentes, com idade superior, conseguem viajar sozinhas, desde que apresentem a certid\u00e3o de nascimento original ou carteira de identidade, de acordo com o Estatuto da Crian\u00e7a e do Adolescente.<\/p>\n<p><strong>Cuidados<\/strong><\/p>\n<p>Os pais que pretendem deixar os seus filhos viajarem sozinhos durante as festas de final de ano devem ficar atentos para as condi\u00e7\u00f5es do trajeto.<\/p>\n<p>&#8220;Em caso de crian\u00e7as que ir\u00e3o embarcar em voos ou \u00f4nibus,  sozinhas, os pais devem optar por viagens diretas. Ou seja, sem conex\u00e3o ou parada. Isso porque h\u00e1 risco dela descer e n\u00e3o retornar&#8221;, alertou a advogada Renata Ronan, que \u00e9 presidente da Comiss\u00e3o de Defesa dos Direitos da Crian\u00e7a, do Adolescente e do Jovem da Ordem dos Advogados do Brasil (OAB).<\/p>\n<p>&#8220;Caso n\u00e3o tenha jeito, o respons\u00e1vel deve escolher voos ou \u00f4nibus com tempo de parada\/conex\u00e3o curt\u00edssimos. \u00c9 important\u00edssimo dizer tamb\u00e9m que o pai deve explicar para o filho que quando houver parada na estrada, em caso de viagens de \u00f4nibus, dele deve permanecer dentro do ve\u00edculo&#8221;, explicou.   <\/p>\n<p>A identifica\u00e7\u00e3o do menor, com os dados da fam\u00edlia, \u00e9 outro ponto importante nestes tipos de caso. &#8220;Os pais devem deixar em local vis\u00edvel da crian\u00e7a, os n\u00fameros de telefone dos parentes, o endere\u00e7o da fam\u00edlia e outros dados que possam ajudar em caso de emerg\u00eancia&#8221;, encerrou. <\/p>\n<p>Por fim, Renata explicou que \u00e9 fundamental que algu\u00e9m esteja esperando a crian\u00e7a no ponto final da viagem, seja na rodovi\u00e1ria ou no aeroporto.<\/p>\n<p><strong><em>(Fonte: O Tempo \/ Rep\u00f3rter: Camila Kifer)<\/em><\/strong><\/p>\n","protected":false},"excerpt":{"rendered":"<p>O retorno para casa se tornou angustiante para uma adolescente de 14 anos que estava sozinha em um \u00f4nibus interestadual e sofreu abuso sexual durante a madrugada desta sexta-feira (18\/12), por outro passageiro que estava sentado em uma cadeira ao seu lado. O suspeito foi detido pela manh\u00e3 na BR-381, em Contagem, na regi\u00e3o metropolitana [&hellip;]<\/p>\n","protected":false},"author":1,"featured_media":74892,"comment_status":"open","ping_status":"closed","sticky":false,"template":"","format":"standard","meta":{"amp_status":"","footnotes":""},"categories":[123],"tags":[70039,70038,1278,70037,70036,2941],"class_list":["post-74891","post","type-post","status-publish","format-standard","has-post-thumbnail","hentry","category-gerais","tag-abuso-contra-adolescente-que-seguia-para-lassance","tag-abuso-em-onibus-que-seguia-de-sao-paulo-para-espinosa","tag-espinosa","tag-homem-e-preso-por-assediar-adolescente-em-onibus-que-seguia-para-espinosa","tag-homem-e-preso-por-assediar-adolescente-em-onibus-que-seguia-para-o-norte-de-minas","tag-lassance"],"_links":{"self":[{"href":"https:\/\/aconteceunovale.com.br\/portal\/index.php?rest_route=\/wp\/v2\/posts\/74891","targetHints":{"allow":["GET"]}}],"collection":[{"href":"https:\/\/aconteceunovale.com.br\/portal\/index.php?rest_route=\/wp\/v2\/posts"}],"about":[{"href":"https:\/\/aconteceunovale.com.br\/portal\/index.php?rest_route=\/wp\/v2\/types\/post"}],"author":[{"embeddable":true,"href":"https:\/\/aconteceunovale.com.br\/portal\/index.php?rest_route=\/wp\/v2\/users\/1"}],"replies":[{"embeddable":true,"href":"https:\/\/aconteceunovale.com.br\/portal\/index.php?rest_route=%2Fwp%2Fv2%2Fcomments&post=74891"}],"version-history":[{"count":0,"href":"https:\/\/aconteceunovale.com.br\/portal\/index.php?rest_route=\/wp\/v2\/posts\/74891\/revisions"}],"wp:featuredmedia":[{"embeddable":true,"href":"https:\/\/aconteceunovale.com.br\/portal\/index.php?rest_route=\/wp\/v2\/media\/74892"}],"wp:attachment":[{"href":"https:\/\/aconteceunovale.com.br\/portal\/index.php?rest_route=%2Fwp%2Fv2%2Fmedia&parent=74891"}],"wp:term":[{"taxonomy":"category","embeddable":true,"href":"https:\/\/aconteceunovale.com.br\/portal\/index.php?rest_route=%2Fwp%2Fv2%2Fcategories&post=74891"},{"taxonomy":"post_tag","embeddable":true,"href":"https:\/\/aconteceunovale.com.br\/portal\/index.php?rest_route=%2Fwp%2Fv2%2Ftags&post=74891"}],"curies":[{"name":"wp","href":"https:\/\/api.w.org\/{rel}","templated":true}]}}