{"id":74888,"date":"2015-12-18T09:25:33","date_gmt":"2015-12-18T12:25:33","guid":{"rendered":"http:\/\/aconteceunovale.com.br\/portal\/?p=74888"},"modified":"2015-12-18T09:25:33","modified_gmt":"2015-12-18T12:25:33","slug":"cura-extraordinaria-de-um-brasileiro-faz-papa-aprovar-canonizacao-de-madre-teresa-de-calcuta","status":"publish","type":"post","link":"https:\/\/aconteceunovale.com.br\/portal\/?p=74888","title":{"rendered":"Cura extraordin\u00e1ria de um brasileiro faz papa aprovar canoniza\u00e7\u00e3o de Madre Teresa de Calcut\u00e1"},"content":{"rendered":"<p>O papa Francisco assinou nessa quinta-feira (17\/12\/2015) o decreto que autoriza a canoniza\u00e7\u00e3o da madre Teresa de Calcut\u00e1, o que dever\u00e1 ocorrer em setembro, informou o di\u00e1rio cat\u00f3lico\u00a0<em>Avvenire<\/em>. <\/p>\n<p>O jornal informou que a canoniza\u00e7\u00e3o da beata Teresa de Calcut\u00e1 ser\u00e1 p\u00fablica em fevereiro, durante o Consist\u00f3rio Ordin\u00e1rio, e que ela ser\u00e1 feita santa em 4 de setembro de 2016, no \u00e2mbito do Ano Santo Extraordin\u00e1rio da Miseric\u00f3rdia.<\/p>\n<p>A canoniza\u00e7\u00e3o ocorre depois de a Igreja Cat\u00f3lica ter aprovado por unanimidade a \u201ccura extraordin\u00e1ria\u201d de um brasileiro em 2008, que se encontrava em fase terminal por graves problemas cerebrais.<\/p>\n<p>O &#8220;milagre&#8221; ocorreu em dezembro daquele ano, quando o doente, em coma, ia ser operado, mas devido a problemas t\u00e9cnicos a interven\u00e7\u00e3o cir\u00fargica teve de ser adiada por meia hora.<\/p>\n<p>Ao voltar \u00e0 sala de opera\u00e7\u00f5es, segundo o jornal\u00a0<em>Avvenire<\/em>, o m\u00e9dico encontrou o doente sentado, desperto, perfeitamente consciente e a perguntar o que fazia ali.<\/p>\n<p><img decoding=\"async\" src=\"http:\/\/aconteceunovale.com.br\/portal\/wp-content\/uploads\/2015\/12\/madre_teresa_calcuta.jpg\" alt=\"\" \/><em>Brasileiro em estado terminal teria sido curado por Madre Teresa de Calcut\u00e1 (Foto: Reprodu\u00e7\u00e3o)<\/em><br \/>\n<\/br><\/p>\n<p>O m\u00e9dico explicou, durante a fase de estudo do suposto milagre, que \u201cnunca viu um caso como esse\u201d e que todos os doentes com os mesmos problemas, que passaram por ele em 17 anos de profiss\u00e3o, tinham morrido.<\/p>\n<p>As an\u00e1lises sucessivas do caso revelaram a cura da patologia cerebral em curto espa\u00e7o de tempo e sem sequelas, o que levou o brasileiro a retomar sua vida.<\/p>\n<p>As provas obtidas durante o processo de estudo do caso mostram que as pessoas pr\u00f3ximas do doente &#8211; de quem a esposa era devota &#8211; rezaram muito a Madre Teresa.<\/p>\n<p>A Ordem das Mission\u00e1rias da Caridade, fundada por ela, celebrou hoje, na cidade indiana de Calcut\u00e1, o an\u00fancio da canoniza\u00e7\u00e3o. &#8220;Estamos muito felizes e agradecidas. Soubemos da not\u00edcia esta manh\u00e3&#8221;, disse \u00e0 ag\u00eancia Efe a porta-voz da congrega\u00e7\u00e3o em Calcut\u00e1, irm\u00e3 Christie.<\/p>\n<p>In\u00eas Gonxha Bojaxhiu, nome de Madre Teresa, nasceu em 26 de agosto de 1910 em Skopje, capital da atual rep\u00fablica da Maced\u00f4nia, na comunidade albanesa. Ela foi beatificada em 2003, depois de o Vaticano ter reconhecido como um milagre a cura de um tumor no abd\u00f4men de uma mulher indiana.<\/p>\n<p>Durante meio s\u00e9culo, madre Teresa desenvolveu um trabalho social em Calcut\u00e1 com as Mission\u00e1rias da Caridade. Em 1979, foi distinguida com o Pr\u00eamio Nobel da Paz.<\/p>\n<p>As Mission\u00e1rias da Paz contam hoje com cerca de 4.500 religiosas, que trabalham em mais de 130 pa\u00edses na assist\u00eancia aos pobres e doentes.<\/p>\n<p>Teresa de Calcut\u00e1 morreu em 5 de setembro de 1997, aos 87 anos, na sede da congrega\u00e7\u00e3o, onde morava. (Ag\u00eancia Brasil)<\/p>\n","protected":false},"excerpt":{"rendered":"<p>O papa Francisco assinou nessa quinta-feira (17\/12\/2015) o decreto que autoriza a canoniza\u00e7\u00e3o da madre Teresa de Calcut\u00e1, o que dever\u00e1 ocorrer em setembro, informou o di\u00e1rio cat\u00f3lico\u00a0Avvenire. O jornal informou que a canoniza\u00e7\u00e3o da beata Teresa de Calcut\u00e1 ser\u00e1 p\u00fablica em fevereiro, durante o Consist\u00f3rio Ordin\u00e1rio, e que ela ser\u00e1 feita santa em 4 [&hellip;]<\/p>\n","protected":false},"author":1,"featured_media":74889,"comment_status":"open","ping_status":"closed","sticky":false,"template":"","format":"standard","meta":{"amp_status":"","footnotes":""},"categories":[28848],"tags":[70034,70028,70033,70035,70031,70032,70027,63088,70026,70030,70029],"class_list":["post-74888","post","type-post","status-publish","format-standard","has-post-thumbnail","hentry","category-mundo","tag-canonizacao","tag-canonizacao-de-madre-teresa-de-calcuta","tag-cura-de-um-brasileiro-faz-papa-aprovar-canonizacao-de-madre-teresa-de-calcuta","tag-cura-extraordinaria-de-um-brasileiro-faz-papa-aprovar-canonizacao-de-madre-teresa-de-calcuta","tag-ines-gonxha-bojaxhiu","tag-macedonia","tag-madre-teresa-de-calcuta","tag-papa","tag-papa-aprova-canonizacao-de-madre-teresa-de-calcuta","tag-papa-francisco-assinou-o-decreto-que-autoriza-a-canonizacao-da-madre-teresa-de-calcuta","tag-teresa-de-calcuta"],"_links":{"self":[{"href":"https:\/\/aconteceunovale.com.br\/portal\/index.php?rest_route=\/wp\/v2\/posts\/74888","targetHints":{"allow":["GET"]}}],"collection":[{"href":"https:\/\/aconteceunovale.com.br\/portal\/index.php?rest_route=\/wp\/v2\/posts"}],"about":[{"href":"https:\/\/aconteceunovale.com.br\/portal\/index.php?rest_route=\/wp\/v2\/types\/post"}],"author":[{"embeddable":true,"href":"https:\/\/aconteceunovale.com.br\/portal\/index.php?rest_route=\/wp\/v2\/users\/1"}],"replies":[{"embeddable":true,"href":"https:\/\/aconteceunovale.com.br\/portal\/index.php?rest_route=%2Fwp%2Fv2%2Fcomments&post=74888"}],"version-history":[{"count":0,"href":"https:\/\/aconteceunovale.com.br\/portal\/index.php?rest_route=\/wp\/v2\/posts\/74888\/revisions"}],"wp:featuredmedia":[{"embeddable":true,"href":"https:\/\/aconteceunovale.com.br\/portal\/index.php?rest_route=\/wp\/v2\/media\/74889"}],"wp:attachment":[{"href":"https:\/\/aconteceunovale.com.br\/portal\/index.php?rest_route=%2Fwp%2Fv2%2Fmedia&parent=74888"}],"wp:term":[{"taxonomy":"category","embeddable":true,"href":"https:\/\/aconteceunovale.com.br\/portal\/index.php?rest_route=%2Fwp%2Fv2%2Fcategories&post=74888"},{"taxonomy":"post_tag","embeddable":true,"href":"https:\/\/aconteceunovale.com.br\/portal\/index.php?rest_route=%2Fwp%2Fv2%2Ftags&post=74888"}],"curies":[{"name":"wp","href":"https:\/\/api.w.org\/{rel}","templated":true}]}}