{"id":74886,"date":"2015-12-18T09:02:30","date_gmt":"2015-12-18T12:02:30","guid":{"rendered":"http:\/\/aconteceunovale.com.br\/portal\/?p=74886"},"modified":"2015-12-18T18:07:59","modified_gmt":"2015-12-18T21:07:59","slug":"consorcio-alianca-abre-processo-seletivo-com-390-vagas-para-o-samu-em-minas-gerais","status":"publish","type":"post","link":"https:\/\/aconteceunovale.com.br\/portal\/?p=74886","title":{"rendered":"Cons\u00f3rcio Alian\u00e7a  abre processo seletivo com 390 vagas para o Samu em Minas Gerais"},"content":{"rendered":"<p>O Cons\u00f3rcio Intermunicipal Alian\u00e7a para a Sa\u00fade (CIAS) vai abrir processo seletivo destinado ao Servi\u00e7o de Atendimento M\u00f3vel de Urg\u00eancia (Samu) em Minas Gerais. S\u00e3o 390 vagas ao todo para os cargos de Auxiliar Administrativo (28 vagas), Condutor Socorrista (127 vagas), T\u00e9cnico de Enfermagem (196 vagas) e M\u00e9dico (42 vagas).<\/p>\n<p>H\u00e1 tamb\u00e9m vagas exclusivas para pessoas com defici\u00eancia, sendo que os cargos est\u00e3o distribu\u00eddos entre as seguintes cidades: Abaet\u00e9, Bar\u00e3o de Cocais, Betim, Bonfim, Brumadinho, Buen\u00f3polis, Caet\u00e9, Concei\u00e7\u00e3o do Mato Dentro, Contagem, Corinto, Curvelo, Esmeraldas, Felixl\u00e2ndia, Ferros, Guanh\u00e3es, Itabira, Itabirito, Jaboticatubas, Jo\u00e3o Monlevade, Juatuba, Lagoa Santa, Mariana, Nova Lima, Nova Uni\u00e3o, Ouro Preto, Paraopeba, Pedro Leopoldo, Pomp\u00e9u, Ribeir\u00e3o das Neves, Rio Vermelho, Sabar\u00e1, Santa Luzia, Santana de Pirapama, S\u00e3o Domingos do Prata, S\u00e3o Joaquim de Bicas, Sarzedo, Sete Lagoas, Tr\u00eas Marias e Vespasiano.<\/p>\n<p>As oportunidades t\u00eam sal\u00e1rios entre R$ 923,00 e R$ 5.039,00 por m\u00eas, correspondentes a jornadas semanais de trabalho de at\u00e9 40h.<\/p>\n<p>Para participar, acesse o site <strong><a href=\"http:\/\/www.iniciativaglobal.org.br\/site\/processo_seletivo.aspx\" target=\"_blank\">www.iniciativaglobal.org.br<\/a><\/strong> e se inscreva a partir das 9h do dia 21 de dezembro de 2015 at\u00e9 \u00e0s 22h do dia 21 de janeiro de 2016. A taxa custa entre R$ 45,00 e R$ 160,00 e deve ser paga por meio de boleto banc\u00e1rio.<\/p>\n<p>Faz parte do m\u00e9todo de avalia\u00e7\u00e3o dos candidatos, a Prova Objetiva que est\u00e1 prevista para ocorrer em 14 de fevereiro de 2016. O teste ser\u00e1 realizado nos munic\u00edpios de Belo Horizonte, Sete Lagoa, Itabira e Ouro Preto.<\/p>\n<p>O prazo de validade deste Processo Seletivo ser\u00e1 de dois anos. Mais informa\u00e7\u00f5es podem ser obtidas no edital dispon\u00edvel no site <strong><a href=\"http:\/\/www.iniciativaglobal.org.br\/site\/processo_seletivo.aspx\" target=\"_blank\">www.iniciativaglobal.org.br<\/a><\/strong>.<\/p>\n","protected":false},"excerpt":{"rendered":"<p>O Cons\u00f3rcio Intermunicipal Alian\u00e7a para a Sa\u00fade (CIAS) vai abrir processo seletivo destinado ao Servi\u00e7o de Atendimento M\u00f3vel de Urg\u00eancia (Samu) em Minas Gerais. S\u00e3o 390 vagas ao todo para os cargos de Auxiliar Administrativo (28 vagas), Condutor Socorrista (127 vagas), T\u00e9cnico de Enfermagem (196 vagas) e M\u00e9dico (42 vagas). H\u00e1 tamb\u00e9m vagas exclusivas para [&hellip;]<\/p>\n","protected":false},"author":1,"featured_media":56154,"comment_status":"open","ping_status":"closed","sticky":false,"template":"","format":"standard","meta":{"amp_status":"","footnotes":""},"categories":[40237,40236,123],"tags":[1511,1525,1495,12259,3679,960,6970,628,70022,70024,70025,70020,956,1534,197,1018,1492,1271,3378,155,202,1499,2600,1102,7520,10160,7363,1496,3964,211,1437,3065,25032,70021,70023,3674,445,1779,1498,4688,14911,10113,3433,1532,1533,1778],"class_list":["post-74886","post","type-post","status-publish","format-standard","has-post-thumbnail","hentry","category-concursos","category-empregos-2","category-gerais","tag-abaete","tag-barao-de-cocais","tag-betim","tag-bonfim","tag-brumadinho","tag-buenopolis","tag-caete","tag-conceicao-do-mato-dentro","tag-concurso-publico-consorcio-intermunicipal-alianca-para-a-saude","tag-concurso-publico-samu","tag-consorcio-alianca-abre-processo-seletivo-com-390-vagas-para-o-samu-em-minas-gerais","tag-consorcio-intermunicipal-alianca-para-a-saude","tag-contagem","tag-corinto","tag-curvelo","tag-destaque","tag-esmeraldas","tag-felixlandia","tag-ferros","tag-guanhaes","tag-itabira","tag-itabirito","tag-jaboticatubas","tag-joao-monlevade","tag-juatuba","tag-lagoa-santa","tag-mariana","tag-nova-lima","tag-nova-uniao","tag-ouro-preto","tag-paraopeba","tag-pedro-leopoldo","tag-pompeu","tag-processo-seletivo-consorcio-intermunicipal-alianca-para-a-saude","tag-processo-seletivo-samu","tag-ribeirao-das-neves","tag-rio-vermelho","tag-sabara","tag-santa-luzia","tag-santana-de-pirapama","tag-sao-domingos-do-prata","tag-sao-joaquim-de-bicas","tag-sarzedo","tag-sete-lagoas","tag-tres-marias","tag-vespasiano"],"_links":{"self":[{"href":"https:\/\/aconteceunovale.com.br\/portal\/index.php?rest_route=\/wp\/v2\/posts\/74886","targetHints":{"allow":["GET"]}}],"collection":[{"href":"https:\/\/aconteceunovale.com.br\/portal\/index.php?rest_route=\/wp\/v2\/posts"}],"about":[{"href":"https:\/\/aconteceunovale.com.br\/portal\/index.php?rest_route=\/wp\/v2\/types\/post"}],"author":[{"embeddable":true,"href":"https:\/\/aconteceunovale.com.br\/portal\/index.php?rest_route=\/wp\/v2\/users\/1"}],"replies":[{"embeddable":true,"href":"https:\/\/aconteceunovale.com.br\/portal\/index.php?rest_route=%2Fwp%2Fv2%2Fcomments&post=74886"}],"version-history":[{"count":0,"href":"https:\/\/aconteceunovale.com.br\/portal\/index.php?rest_route=\/wp\/v2\/posts\/74886\/revisions"}],"wp:featuredmedia":[{"embeddable":true,"href":"https:\/\/aconteceunovale.com.br\/portal\/index.php?rest_route=\/wp\/v2\/media\/56154"}],"wp:attachment":[{"href":"https:\/\/aconteceunovale.com.br\/portal\/index.php?rest_route=%2Fwp%2Fv2%2Fmedia&parent=74886"}],"wp:term":[{"taxonomy":"category","embeddable":true,"href":"https:\/\/aconteceunovale.com.br\/portal\/index.php?rest_route=%2Fwp%2Fv2%2Fcategories&post=74886"},{"taxonomy":"post_tag","embeddable":true,"href":"https:\/\/aconteceunovale.com.br\/portal\/index.php?rest_route=%2Fwp%2Fv2%2Ftags&post=74886"}],"curies":[{"name":"wp","href":"https:\/\/api.w.org\/{rel}","templated":true}]}}