{"id":74881,"date":"2015-12-18T08:36:56","date_gmt":"2015-12-18T11:36:56","guid":{"rendered":"http:\/\/aconteceunovale.com.br\/portal\/?p=74881"},"modified":"2015-12-18T08:36:56","modified_gmt":"2015-12-18T11:36:56","slug":"divulgadas-as-datas-da-temporada-de-2016-da-vesperata-de-diamantina","status":"publish","type":"post","link":"https:\/\/aconteceunovale.com.br\/portal\/?p=74881","title":{"rendered":"Divulgadas as datas da temporada de 2016 da Vesperata de Diamantina"},"content":{"rendered":"<p>A Vesperata \u00e9 um evento \u00edmpar, \u00fanico, aut\u00eantico por ter suas origens nas pr\u00e1ticas musicais tradicionais em Diamantina no s\u00e9culo XIX, quando no per\u00edodo das v\u00e9speras (que s\u00e3o a parte da Liturgia das Horas, que \u00e9 celebrada \u00e0 tarde, entre 15 e 18 horas) m\u00fasicos eram dispostos nas sacadas dos casar\u00f5es para tocar para as pessoas que passeavam nas ruas.<\/p>\n<p>Reeditada em 1998 para que expressasse as potencialidades culturais de Diamantina no pleito ao t\u00edtulo de Patrim\u00f4nio Cultural da Humanidade, a Vesperata ganhou o formato que mantem at\u00e9 hoje na Rua da Quitanda, com m\u00fasicos da Banda do 3\u00ba Batalh\u00e3o da PMMG e da Banda Mirim Prefeito Ant\u00f4nio de Carvalho Cruz posicionados nas sacadas dos casar\u00f5es, com os maestros posicionados sobre um tablado no centro da rua se revezando na reg\u00eancia, cercados pelo p\u00fablico que ocupa as mesas dos estabelecimentos que ofertam servi\u00e7os de alimenta\u00e7\u00e3o durante o evento.<\/p>\n<p>A Vesperata \u00e9 reconhecida como um importante produto tur\u00edstico-cultural do Brasil. Esse reconhecimento n\u00e3o se faz somente por aqueles que j\u00e1 tiveram a oportunidade de assisti-la, mas tamb\u00e9m por \u00f3rg\u00e3os p\u00fablicos como o Minist\u00e9rio do Turismo, que em 2010 premiou a Vesperata com o Trof\u00e9u Roteiros do Brasil, por promover a Sustentabilidade Cultural no Munic\u00edpio.<\/p>\n<p>A Minhas Gerais Turismo \u00e9 a empresa contratada pela Prefeitura de Diamantina para realizar a comercializa\u00e7\u00e3o das mesas da Vesperata de Diamantina na Temporada de 2016.<\/p>\n<p>Confira a baixo as datas da Temporada de 2016 da Vesperata de Diamantina:<\/p>\n<p>&#8211; 09 e 30 de abril<br \/>\n&#8211; 14 e 21 de maio<br \/>\n&#8211; 04, 18 e 25 de junho<br \/>\n&#8211; 09, 16 e 30 de julho<br \/>\n&#8211; 06 e 20 de agosto<br \/>\n&#8211; 17 e 24 de setembro<br \/>\n&#8211; 08 e 22 de outubro<\/p>\n<p><iframe loading=\"lazy\"  id=\"_ytid_32941\" width=\"660\" height=\"372\" src=\"\/\/www.youtube.com\/embed\/2-C9WkO1h5A?enablejsapi=1&#038;autoplay=0&#038;cc_load_policy=0&#038;iv_load_policy=1&#038;loop=0&#038;modestbranding=0&#038;rel=1&#038;showinfo=1&#038;playsinline=0&#038;autohide=2&#038;theme=dark&#038;color=red&#038;wmode=opaque&#038;vq=&#038;controls=2&#038;\" frameborder=\"0\" type=\"text\/html\" class=\"__youtube_prefs__\" allowfullscreen webkitallowfullscreen mozallowfullscreen ><\/iframe><\/p>\n","protected":false},"excerpt":{"rendered":"<p>A Vesperata \u00e9 um evento \u00edmpar, \u00fanico, aut\u00eantico por ter suas origens nas pr\u00e1ticas musicais tradicionais em Diamantina no s\u00e9culo XIX, quando no per\u00edodo das v\u00e9speras (que s\u00e3o a parte da Liturgia das Horas, que \u00e9 celebrada \u00e0 tarde, entre 15 e 18 horas) m\u00fasicos eram dispostos nas sacadas dos casar\u00f5es para tocar para as [&hellip;]<\/p>\n","protected":false},"author":1,"featured_media":74882,"comment_status":"open","ping_status":"closed","sticky":false,"template":"","format":"standard","meta":{"amp_status":"","footnotes":""},"categories":[125,120],"tags":[198,70012,70015,70016,70013,70014],"class_list":["post-74881","post","type-post","status-publish","format-standard","has-post-thumbnail","hentry","category-noticias","category-jequi","tag-diamantina","tag-divulgadas-as-datas-da-temporada-de-2016-da-vesperata-de-diamantina","tag-minhas-gerais-turismo","tag-temporada-de-2016-da-vesperata-de-diamantina","tag-vesperata-de-diamantina","tag-vesperata-de-diamantina-2016"],"_links":{"self":[{"href":"https:\/\/aconteceunovale.com.br\/portal\/index.php?rest_route=\/wp\/v2\/posts\/74881","targetHints":{"allow":["GET"]}}],"collection":[{"href":"https:\/\/aconteceunovale.com.br\/portal\/index.php?rest_route=\/wp\/v2\/posts"}],"about":[{"href":"https:\/\/aconteceunovale.com.br\/portal\/index.php?rest_route=\/wp\/v2\/types\/post"}],"author":[{"embeddable":true,"href":"https:\/\/aconteceunovale.com.br\/portal\/index.php?rest_route=\/wp\/v2\/users\/1"}],"replies":[{"embeddable":true,"href":"https:\/\/aconteceunovale.com.br\/portal\/index.php?rest_route=%2Fwp%2Fv2%2Fcomments&post=74881"}],"version-history":[{"count":0,"href":"https:\/\/aconteceunovale.com.br\/portal\/index.php?rest_route=\/wp\/v2\/posts\/74881\/revisions"}],"wp:featuredmedia":[{"embeddable":true,"href":"https:\/\/aconteceunovale.com.br\/portal\/index.php?rest_route=\/wp\/v2\/media\/74882"}],"wp:attachment":[{"href":"https:\/\/aconteceunovale.com.br\/portal\/index.php?rest_route=%2Fwp%2Fv2%2Fmedia&parent=74881"}],"wp:term":[{"taxonomy":"category","embeddable":true,"href":"https:\/\/aconteceunovale.com.br\/portal\/index.php?rest_route=%2Fwp%2Fv2%2Fcategories&post=74881"},{"taxonomy":"post_tag","embeddable":true,"href":"https:\/\/aconteceunovale.com.br\/portal\/index.php?rest_route=%2Fwp%2Fv2%2Ftags&post=74881"}],"curies":[{"name":"wp","href":"https:\/\/api.w.org\/{rel}","templated":true}]}}