{"id":74641,"date":"2015-12-14T19:02:57","date_gmt":"2015-12-14T22:02:57","guid":{"rendered":"http:\/\/aconteceunovale.com.br\/portal\/?p=74641"},"modified":"2015-12-14T19:02:57","modified_gmt":"2015-12-14T22:02:57","slug":"tarifas-dos-correios-tem-novos-valores","status":"publish","type":"post","link":"https:\/\/aconteceunovale.com.br\/portal\/?p=74641","title":{"rendered":"Tarifas dos Correios t\u00eam novos valores"},"content":{"rendered":"<p>O\u00a0<strong><a href=\"http:\/\/goo.gl\/RyWUez\" target=\"_blank\"><em>Di\u00e1rio Oficial da Uni\u00e3o<\/em><\/a><\/strong>\u00a0traz publicada\u00a0 na edi\u00e7\u00e3o de hoje (14\/12) a tabela dos novos pre\u00e7os dos servi\u00e7os dos Correios. A corre\u00e7\u00e3o das tarifas, como as de entrega de cartas e telegramas, ser\u00e1 de 8,89% e ajudar\u00e1 a diminuir o d\u00e9ficit no or\u00e7amento da estatal, que deve chegar a R$ 2 bilh\u00f5es at\u00e9 o \u00faltimo dia do ano. Com a atualiza\u00e7\u00e3o, o valor do envio de uma carta n\u00e3o comercial, por exemplo, passar\u00e1 de R$ 0,95 para R$ 1,05. A carta comercial ficar\u00e1 R$ 0,10 mais cara (de R$ 1,40, para R$ 1,50). A carta social, voltada aos benefici\u00e1rios do Programa Bolsa Fam\u00edlia, permanecer\u00e1 com a tarifa de R$ 0,01.<\/p>\n<p>Com o realinhamento, a expectativa dos Correios \u00e9 que as receitas da empresa cres\u00e7am R$ 780 milh\u00f5es por ano. &#8220;A recomposi\u00e7\u00e3o \u00e9 de centavos, n\u00e3o onerando a popula\u00e7\u00e3o nem impactando a infla\u00e7\u00e3o, mas de grande import\u00e2ncia para nosso equil\u00edbrio fiscal da empresa&#8221;, informou a estatal. As tarifas foram realinhadas com base nos custos, como aumento dos pre\u00e7os dos combust\u00edveis, contratos de aluguel, transportes, vigil\u00e2ncia, limpeza e sal\u00e1rios dos empregados. A revis\u00e3o n\u00e3o se aplica ao segmento de encomendas.<\/p>\n<p>O pedido de recomposi\u00e7\u00e3o das tarifas integra uma s\u00e9rie de medidas da nova gest\u00e3o dos Correios que visa a reduzir o d\u00e9ficit e aumentar as receitas. Al\u00e9m da revis\u00e3o das tarifas, o novo presidente dos Correios, Giovanni Queiroz, informou que medidas administrativas tamb\u00e9m fazem parte do pacote previsto. (Ag\u00eancia Brasil)<\/p>\n","protected":false},"excerpt":{"rendered":"<p>O\u00a0Di\u00e1rio Oficial da Uni\u00e3o\u00a0traz publicada\u00a0 na edi\u00e7\u00e3o de hoje (14\/12) a tabela dos novos pre\u00e7os dos servi\u00e7os dos Correios. A corre\u00e7\u00e3o das tarifas, como as de entrega de cartas e telegramas, ser\u00e1 de 8,89% e ajudar\u00e1 a diminuir o d\u00e9ficit no or\u00e7amento da estatal, que deve chegar a R$ 2 bilh\u00f5es at\u00e9 o \u00faltimo dia [&hellip;]<\/p>\n","protected":false},"author":1,"featured_media":74369,"comment_status":"open","ping_status":"closed","sticky":false,"template":"","format":"standard","meta":{"amp_status":"","footnotes":""},"categories":[6],"tags":[69555,69551,246,19329,69554,69552,69553,69556],"class_list":["post-74641","post","type-post","status-publish","format-standard","has-post-thumbnail","hentry","category-br","tag-aumento-tarifas-dos-correios","tag-carta","tag-correios","tag-diario-oficial-da-uniao","tag-novas-tarifas-dos-correios","tag-reajuste-de-preco","tag-reajuste-tarifas-dos-correios","tag-tarifas-dos-correios-tem-novos-valores"],"_links":{"self":[{"href":"https:\/\/aconteceunovale.com.br\/portal\/index.php?rest_route=\/wp\/v2\/posts\/74641","targetHints":{"allow":["GET"]}}],"collection":[{"href":"https:\/\/aconteceunovale.com.br\/portal\/index.php?rest_route=\/wp\/v2\/posts"}],"about":[{"href":"https:\/\/aconteceunovale.com.br\/portal\/index.php?rest_route=\/wp\/v2\/types\/post"}],"author":[{"embeddable":true,"href":"https:\/\/aconteceunovale.com.br\/portal\/index.php?rest_route=\/wp\/v2\/users\/1"}],"replies":[{"embeddable":true,"href":"https:\/\/aconteceunovale.com.br\/portal\/index.php?rest_route=%2Fwp%2Fv2%2Fcomments&post=74641"}],"version-history":[{"count":0,"href":"https:\/\/aconteceunovale.com.br\/portal\/index.php?rest_route=\/wp\/v2\/posts\/74641\/revisions"}],"wp:featuredmedia":[{"embeddable":true,"href":"https:\/\/aconteceunovale.com.br\/portal\/index.php?rest_route=\/wp\/v2\/media\/74369"}],"wp:attachment":[{"href":"https:\/\/aconteceunovale.com.br\/portal\/index.php?rest_route=%2Fwp%2Fv2%2Fmedia&parent=74641"}],"wp:term":[{"taxonomy":"category","embeddable":true,"href":"https:\/\/aconteceunovale.com.br\/portal\/index.php?rest_route=%2Fwp%2Fv2%2Fcategories&post=74641"},{"taxonomy":"post_tag","embeddable":true,"href":"https:\/\/aconteceunovale.com.br\/portal\/index.php?rest_route=%2Fwp%2Fv2%2Ftags&post=74641"}],"curies":[{"name":"wp","href":"https:\/\/api.w.org\/{rel}","templated":true}]}}