{"id":74567,"date":"2015-12-13T11:38:59","date_gmt":"2015-12-13T14:38:59","guid":{"rendered":"http:\/\/aconteceunovale.com.br\/portal\/?p=74567"},"modified":"2015-12-13T11:38:59","modified_gmt":"2015-12-13T14:38:59","slug":"delegacao-da-onu-visita-minas-gerais-para-examinar-impactos-do-rompimento-de-barragem","status":"publish","type":"post","link":"https:\/\/aconteceunovale.com.br\/portal\/?p=74567","title":{"rendered":"Delega\u00e7\u00e3o da ONU visita Minas Gerais para examinar impactos do rompimento de barragem"},"content":{"rendered":"<p>A Secretaria de Estado de Direitos Humanos, Participa\u00e7\u00e3o Social e Cidadania (Sedpac) recebeu, neste s\u00e1bado (12\/12), o Grupo de Trabalho das Na\u00e7\u00f5es Unidas sobre Empresas e Direitos Humanos. Em reuni\u00e3o realizada na Casa de Direitos Humanos, o secret\u00e1rio Nilm\u00e1rio Miranda entregou aos t\u00e9cnicos da delega\u00e7\u00e3o internacional relat\u00f3rio sobre as a\u00e7\u00f5es da Sedpac em rela\u00e7\u00e3o ao rompimento da barragem da mineradora Samarco, no munic\u00edpio de Mariana.<\/p>\n<p>Durante a reuni\u00e3o, o secret\u00e1rio falou sobre as iniciativas do governo estadual para evitar a\u00e7\u00f5es fragmentadas nas repara\u00e7\u00f5es de danos, afirmando que &#8220;Minas e Esp\u00edrito Santo junto com o Governo Federal buscam propostas que abranjam toda a bacia&#8221;. Enfatizou tamb\u00e9m que o Estado est\u00e1 cumprindo seu papel, mas a mineradora deve arcar com os danos que causou. &#8220;O Estado n\u00e3o pode assumir responsabilidades da empresa, que \u00e9 a geradora do desastre socioambiental&#8221;, disse.<\/p>\n<p>Nilm\u00e1rio afirmou que a Sedpac est\u00e1 acompanhando a situa\u00e7\u00e3o dos povos e comunidades tradicionais na extens\u00e3o do rio. &#8220;N\u00f3s estamos trabalhando especialmente para assegurar que segmentos com menos visibilidade social sejam inclu\u00eddos nas a\u00e7\u00f5es de repara\u00e7\u00e3o. Nos munic\u00edpios de Rio Doce e Barra Longa, me reuni com moradores, pescadores artesanais e extrativistas. J\u00e1 estive tamb\u00e9m com os ind\u00edgenas para acompanhar a situa\u00e7\u00e3o deles&#8221;, ressaltou.<\/p>\n<p>Wesley Cantelmo, representante da Secretaria de Desenvolvimento Regional, Pol\u00edtica Urbana e Gest\u00e3o Metropolitana (Sedru), \u00f3rg\u00e3o que coordena a comiss\u00e3o de recupera\u00e7\u00e3o da bacia do Rio Doce, disse que o grupo trabalha para a recupera\u00e7\u00e3o da infraestrutura destru\u00edda, das condi\u00e7\u00f5es de produ\u00e7\u00e3o dos agricultores e para a reinstala\u00e7\u00e3o das fam\u00edlias atingidas. &#8220;No contexto macrorregional, nossa maior preocupa\u00e7\u00e3o \u00e9 em rela\u00e7\u00e3o aos desdobramentos para as comunidades ao longo da calha do rio e as condi\u00e7\u00f5es para aqueles que precisam dele para sobreviver&#8221;.<\/p>\n<p>Os peritos da Onu, que est\u00e3o visitando o pa\u00eds a convite do Governo Brasileiro, cumprir\u00e3o agenda em Bras\u00edlia, S\u00e3o Paulo, Rio de Janeiro, Belo Horizonte, Mariana, Altamira e Bel\u00e9m para reuni\u00f5es com autoridades governamentais, empresas, organiza\u00e7\u00f5es da sociedade civil e demais partes interessadas. O objetivo \u00e9 examinar os impactos das atividades empresariais sobre os direitos humanos. As conclus\u00f5es da visita ao pa\u00eds ser\u00e3o inclu\u00eddas em um relat\u00f3rio oficial a ser apresentado ao Conselho de Direitos Humanos em junho de 2016.<\/p>\n<p>Para o subsecret\u00e1rio  de Promo\u00e7\u00e3o e Defesa dos Direitos Humanos da Sedpac, Leonardo Nader, a visita do Grupo de Trabalho oportuniza a colabora\u00e7\u00e3o entre a Sedpac e organismos internacionais de promo\u00e7\u00e3o dos Direitos Humanos. &#8220;Estamos abertos \u00e0 coopera\u00e7\u00e3o t\u00e9cnica com parceiros internacionais para a dissemina\u00e7\u00e3o dos valores e das normas internacionais de direitos humanos, bem como dos princ\u00edpios sobre neg\u00f3cios e direitos humanos&#8221;, frisou Nader, acrescentando que a Secretaria est\u00e1 \u00e0 disposi\u00e7\u00e3o para a atualiza\u00e7\u00e3o de informa\u00e7\u00f5es \u00e0s Na\u00e7\u00f5es Unidas.<\/p>\n<p>Participaram da reuni\u00e3o como representantes do Estado, a Assessoria de Rela\u00e7\u00f5es Internacionais do Governo e a Coordenadoria Estadual de Defesa Civil. Tamb\u00e9m estiveram presentes representantes da Secretaria de Direitos Humanos do Governo Federal, do Minist\u00e9rio P\u00fablico Federal, do Conselho Nacional de Direitos Humanos e do Movimento de Atingidos por Barragens (MAB).<\/p>\n<p><img decoding=\"async\" src=\"http:\/\/aconteceunovale.com.br\/portal\/wp-content\/uploads\/2015\/12\/REUNIAO_SEDPAC_ONU.jpg\" alt=\"\" \/><em>Nilm\u00e1rio Miranda destacou que a Sedpac est\u00e1 acompanhando a situa\u00e7\u00e3o dos povos e comunidades tradicionais na extens\u00e3o do rio &#8211; Foto: Divulga\u00e7\u00e3o \/ Sedpac<\/em><br \/>\n<\/br><\/p>\n<p><em>(Fonte: Ag\u00eancia Minas)<\/em><\/p>\n","protected":false},"excerpt":{"rendered":"<p>A Secretaria de Estado de Direitos Humanos, Participa\u00e7\u00e3o Social e Cidadania (Sedpac) recebeu, neste s\u00e1bado (12\/12), o Grupo de Trabalho das Na\u00e7\u00f5es Unidas sobre Empresas e Direitos Humanos. Em reuni\u00e3o realizada na Casa de Direitos Humanos, o secret\u00e1rio Nilm\u00e1rio Miranda entregou aos t\u00e9cnicos da delega\u00e7\u00e3o internacional relat\u00f3rio sobre as a\u00e7\u00f5es da Sedpac em rela\u00e7\u00e3o ao [&hellip;]<\/p>\n","protected":false},"author":1,"featured_media":74568,"comment_status":"open","ping_status":"closed","sticky":false,"template":"","format":"standard","meta":{"amp_status":"","footnotes":""},"categories":[123],"tags":[69335,69331,69330,69332,69333,69334],"class_list":["post-74567","post","type-post","status-publish","format-standard","has-post-thumbnail","hentry","category-gerais","tag-delegacao-da-onu-mariana","tag-delegacao-da-onu-visita-minas-gerais","tag-delegacao-da-onu-visita-minas-gerais-para-examinar-impactos-do-rompimento-de-barragem","tag-impactos-do-rompimento-de-barragem","tag-onu-em-minas-gerais","tag-onu-mariana"],"_links":{"self":[{"href":"https:\/\/aconteceunovale.com.br\/portal\/index.php?rest_route=\/wp\/v2\/posts\/74567","targetHints":{"allow":["GET"]}}],"collection":[{"href":"https:\/\/aconteceunovale.com.br\/portal\/index.php?rest_route=\/wp\/v2\/posts"}],"about":[{"href":"https:\/\/aconteceunovale.com.br\/portal\/index.php?rest_route=\/wp\/v2\/types\/post"}],"author":[{"embeddable":true,"href":"https:\/\/aconteceunovale.com.br\/portal\/index.php?rest_route=\/wp\/v2\/users\/1"}],"replies":[{"embeddable":true,"href":"https:\/\/aconteceunovale.com.br\/portal\/index.php?rest_route=%2Fwp%2Fv2%2Fcomments&post=74567"}],"version-history":[{"count":0,"href":"https:\/\/aconteceunovale.com.br\/portal\/index.php?rest_route=\/wp\/v2\/posts\/74567\/revisions"}],"wp:featuredmedia":[{"embeddable":true,"href":"https:\/\/aconteceunovale.com.br\/portal\/index.php?rest_route=\/wp\/v2\/media\/74568"}],"wp:attachment":[{"href":"https:\/\/aconteceunovale.com.br\/portal\/index.php?rest_route=%2Fwp%2Fv2%2Fmedia&parent=74567"}],"wp:term":[{"taxonomy":"category","embeddable":true,"href":"https:\/\/aconteceunovale.com.br\/portal\/index.php?rest_route=%2Fwp%2Fv2%2Fcategories&post=74567"},{"taxonomy":"post_tag","embeddable":true,"href":"https:\/\/aconteceunovale.com.br\/portal\/index.php?rest_route=%2Fwp%2Fv2%2Ftags&post=74567"}],"curies":[{"name":"wp","href":"https:\/\/api.w.org\/{rel}","templated":true}]}}