{"id":74477,"date":"2015-12-11T20:44:07","date_gmt":"2015-12-11T23:44:07","guid":{"rendered":"http:\/\/aconteceunovale.com.br\/portal\/?p=74477"},"modified":"2015-12-11T20:44:07","modified_gmt":"2015-12-11T23:44:07","slug":"ladrao-e-preso-apos-esquecer-o-celular-no-local-no-crime-em-mirabela","status":"publish","type":"post","link":"https:\/\/aconteceunovale.com.br\/portal\/?p=74477","title":{"rendered":"Ladr\u00e3o \u00e9 preso ap\u00f3s esquecer o celular no local no crime em Mirabela"},"content":{"rendered":"<p>Tr\u00eas homens foram presos e um menor apreendido nesta sexta-feira (11\/12) ap\u00f3s furtarem uma resid\u00eancia na zona rural de Mirabela, no Norte de Minas Gerais.<\/p>\n<p>Segundo informa\u00e7\u00f5es da Pol\u00edcia, quando os moradores entraram na casa notaram que a porta da cozinha arrombada e que eletrodom\u00e9sticos, m\u00f3veis e o botij\u00e3o de g\u00e1s haviam sido furtados. A pol\u00edcia informou que um dos suspeitos deixou um celular no im\u00f3vel, e ao verificarem constataram que o aparelho pertencia a uma mulher. Ela disse \u00e0 pol\u00edcia que deu o celular para o irm\u00e3o vender.<\/p>\n<p>A Pol\u00edcia Militar fez uma busca e localizou o suspeito na casa dele, juntamente com os outros tr\u00eas jovens. No local, foram encontrados os materiais roubados. Eles foram encaminhados \u00e0 Delegacia de Pol\u00edcia para prestar depoimento.<\/p>\n<p><em>(Fonte: Pol\u00edcia Militar \/ G1 Grande Minas)<\/em><\/p>\n","protected":false},"excerpt":{"rendered":"<p>Tr\u00eas homens foram presos e um menor apreendido nesta sexta-feira (11\/12) ap\u00f3s furtarem uma resid\u00eancia na zona rural de Mirabela, no Norte de Minas Gerais. Segundo informa\u00e7\u00f5es da Pol\u00edcia, quando os moradores entraram na casa notaram que a porta da cozinha arrombada e que eletrodom\u00e9sticos, m\u00f3veis e o botij\u00e3o de g\u00e1s haviam sido furtados. A [&hellip;]<\/p>\n","protected":false},"author":1,"featured_media":71442,"comment_status":"open","ping_status":"closed","sticky":false,"template":"","format":"standard","meta":{"amp_status":"","footnotes":""},"categories":[1236],"tags":[69147,69145,1699,69146],"class_list":["post-74477","post","type-post","status-publish","format-standard","has-post-thumbnail","hentry","category-norte_de_minas","tag-assalto-em-mirabela","tag-ladrao-e-preso-apos-esquecer-o-celular-no-local-no-crime-em-mirabela","tag-mirabela","tag-roubo-em-mirabela"],"_links":{"self":[{"href":"https:\/\/aconteceunovale.com.br\/portal\/index.php?rest_route=\/wp\/v2\/posts\/74477","targetHints":{"allow":["GET"]}}],"collection":[{"href":"https:\/\/aconteceunovale.com.br\/portal\/index.php?rest_route=\/wp\/v2\/posts"}],"about":[{"href":"https:\/\/aconteceunovale.com.br\/portal\/index.php?rest_route=\/wp\/v2\/types\/post"}],"author":[{"embeddable":true,"href":"https:\/\/aconteceunovale.com.br\/portal\/index.php?rest_route=\/wp\/v2\/users\/1"}],"replies":[{"embeddable":true,"href":"https:\/\/aconteceunovale.com.br\/portal\/index.php?rest_route=%2Fwp%2Fv2%2Fcomments&post=74477"}],"version-history":[{"count":0,"href":"https:\/\/aconteceunovale.com.br\/portal\/index.php?rest_route=\/wp\/v2\/posts\/74477\/revisions"}],"wp:featuredmedia":[{"embeddable":true,"href":"https:\/\/aconteceunovale.com.br\/portal\/index.php?rest_route=\/wp\/v2\/media\/71442"}],"wp:attachment":[{"href":"https:\/\/aconteceunovale.com.br\/portal\/index.php?rest_route=%2Fwp%2Fv2%2Fmedia&parent=74477"}],"wp:term":[{"taxonomy":"category","embeddable":true,"href":"https:\/\/aconteceunovale.com.br\/portal\/index.php?rest_route=%2Fwp%2Fv2%2Fcategories&post=74477"},{"taxonomy":"post_tag","embeddable":true,"href":"https:\/\/aconteceunovale.com.br\/portal\/index.php?rest_route=%2Fwp%2Fv2%2Ftags&post=74477"}],"curies":[{"name":"wp","href":"https:\/\/api.w.org\/{rel}","templated":true}]}}