{"id":74474,"date":"2015-12-11T20:30:27","date_gmt":"2015-12-11T23:30:27","guid":{"rendered":"http:\/\/aconteceunovale.com.br\/portal\/?p=74474"},"modified":"2015-12-11T20:30:27","modified_gmt":"2015-12-11T23:30:27","slug":"tres-homens-sao-presos-em-operacao-contra-o-trafico-de-drogas-em-almenara","status":"publish","type":"post","link":"https:\/\/aconteceunovale.com.br\/portal\/?p=74474","title":{"rendered":"Tr\u00eas homens s\u00e3o presos em opera\u00e7\u00e3o contra o tr\u00e1fico de drogas em Almenara"},"content":{"rendered":"<p>Tr\u00eas homens foram presos e um menor apreendido na manh\u00e3 desta sexta-feira, 11 de dezembro, suspeitos de tr\u00e1fico de drogas em Almenara, Vale do Jequitinhonha. As pris\u00f5es foram durante uma opera\u00e7\u00e3o da 3\u00aa Delegacia da Pol\u00edcia Civil, em v\u00e1rias casas da regi\u00e3o conhecida como Rola Pote. A a\u00e7\u00e3o contou com o apoio da Pol\u00edcia Militar.<\/p>\n<p>A PC afirmou que a investiga\u00e7\u00e3o durou cerca de dois meses e apontou que os presos est\u00e3o envolvidos com o tr\u00e1fico de drogas na cidade e em \u201cguerra com outras fac\u00e7\u00f5es do crime organizado\u201d.<\/p>\n<p>Com os suspeitos foram apreendidos um rev\u00f3lver 38, muni\u00e7\u00f5es e drogas. Com um dos presos foram encontradas tamb\u00e9m anota\u00e7\u00f5es referentes \u00e0 contabilidade e distribui\u00e7\u00e3o de drogas.<\/p>\n<p><img decoding=\"async\" src=\"http:\/\/aconteceunovale.com.br\/portal\/wp-content\/uploads\/2015\/12\/operacao_trafico_almenara.jpg\" alt=\"\" \/><em>Presos s\u00e3o suspeitos tr\u00e1fico de drogas em Almenara (Foto: Divulga\u00e7\u00e3o \/ Pol\u00edcia Civil)<\/em><br \/>\n<\/br><\/p>\n<p><em>(Fonte: Pol\u00edcia Civil \/ G1 Grande Minas)<\/em><\/p>\n","protected":false},"excerpt":{"rendered":"<p>Tr\u00eas homens foram presos e um menor apreendido na manh\u00e3 desta sexta-feira, 11 de dezembro, suspeitos de tr\u00e1fico de drogas em Almenara, Vale do Jequitinhonha. As pris\u00f5es foram durante uma opera\u00e7\u00e3o da 3\u00aa Delegacia da Pol\u00edcia Civil, em v\u00e1rias casas da regi\u00e3o conhecida como Rola Pote. A a\u00e7\u00e3o contou com o apoio da Pol\u00edcia Militar. [&hellip;]<\/p>\n","protected":false},"author":1,"featured_media":74475,"comment_status":"open","ping_status":"closed","sticky":false,"template":"","format":"standard","meta":{"amp_status":"","footnotes":""},"categories":[120],"tags":[142,69144,29559,29560,69143],"class_list":["post-74474","post","type-post","status-publish","format-standard","has-post-thumbnail","hentry","category-jequi","tag-almenara","tag-operacao-contra-o-trafico-de-drogas-em-almenara","tag-presos-em-almenara","tag-trafico-de-drogas-em-almenara","tag-tres-homens-sao-presos-em-operacao-contra-o-trafico-de-drogas-em-almenara"],"_links":{"self":[{"href":"https:\/\/aconteceunovale.com.br\/portal\/index.php?rest_route=\/wp\/v2\/posts\/74474","targetHints":{"allow":["GET"]}}],"collection":[{"href":"https:\/\/aconteceunovale.com.br\/portal\/index.php?rest_route=\/wp\/v2\/posts"}],"about":[{"href":"https:\/\/aconteceunovale.com.br\/portal\/index.php?rest_route=\/wp\/v2\/types\/post"}],"author":[{"embeddable":true,"href":"https:\/\/aconteceunovale.com.br\/portal\/index.php?rest_route=\/wp\/v2\/users\/1"}],"replies":[{"embeddable":true,"href":"https:\/\/aconteceunovale.com.br\/portal\/index.php?rest_route=%2Fwp%2Fv2%2Fcomments&post=74474"}],"version-history":[{"count":0,"href":"https:\/\/aconteceunovale.com.br\/portal\/index.php?rest_route=\/wp\/v2\/posts\/74474\/revisions"}],"wp:featuredmedia":[{"embeddable":true,"href":"https:\/\/aconteceunovale.com.br\/portal\/index.php?rest_route=\/wp\/v2\/media\/74475"}],"wp:attachment":[{"href":"https:\/\/aconteceunovale.com.br\/portal\/index.php?rest_route=%2Fwp%2Fv2%2Fmedia&parent=74474"}],"wp:term":[{"taxonomy":"category","embeddable":true,"href":"https:\/\/aconteceunovale.com.br\/portal\/index.php?rest_route=%2Fwp%2Fv2%2Fcategories&post=74474"},{"taxonomy":"post_tag","embeddable":true,"href":"https:\/\/aconteceunovale.com.br\/portal\/index.php?rest_route=%2Fwp%2Fv2%2Ftags&post=74474"}],"curies":[{"name":"wp","href":"https:\/\/api.w.org\/{rel}","templated":true}]}}