{"id":74471,"date":"2015-12-11T20:00:34","date_gmt":"2015-12-11T23:00:34","guid":{"rendered":"http:\/\/aconteceunovale.com.br\/portal\/?p=74471"},"modified":"2015-12-11T20:00:34","modified_gmt":"2015-12-11T23:00:34","slug":"duas-pessoas-ficam-feridas-em-acidente-na-br-381-entre-ipatinga-e-coronel-fabriciano","status":"publish","type":"post","link":"https:\/\/aconteceunovale.com.br\/portal\/?p=74471","title":{"rendered":"Duas pessoas ficam feridas em acidente na BR-381, entre Ipatinga e Coronel Fabriciano"},"content":{"rendered":"<p>Duas pessoas ficaram feridas em um acidente na manh\u00e3 desta sexta-feira (11\/12) no trecho urbano da BR-381, entre Ipatinga e Coronel Fabriciano, no Vale do A\u00e7o.<\/p>\n<p>Segundo a Pol\u00edcia Militar Rodovi\u00e1ria, o motorista seguia para Ipatinga quando perdeu o controle do carro, bateu em uma \u00e1rvore e capotou no local conhecido como Morro da Usipa. Ele teve ferimentos leves. Outra pessoa que estava no ve\u00edculo foi socorrida com suspeita de fratura no tornozelo.<\/p>\n<p>A pol\u00edcia suspeita que o motorista estivesse falando ao telefone quando aconteceu o acidente. O tr\u00e2nsito ficou interditado sentido Coronel Fabriciano a Ipatinga durante meia hora para retirada do carro.<\/p>\n<p><img decoding=\"async\" src=\"http:\/\/aconteceunovale.com.br\/portal\/wp-content\/uploads\/2015\/12\/acidente_morro_da_usipa.jpg\" alt=\"\" \/><em>Dois ocupantes do ve\u00edculo ficaram feridos (Foto: Reprodu\u00e7\u00e3o \/ Inter TV dos Vales)<\/em><br \/>\n<\/br><\/p>\n<p><em>(Fonte: G1 dos Vales \/ Inter TV)<\/em><\/p>\n","protected":false},"excerpt":{"rendered":"<p>Duas pessoas ficaram feridas em um acidente na manh\u00e3 desta sexta-feira (11\/12) no trecho urbano da BR-381, entre Ipatinga e Coronel Fabriciano, no Vale do A\u00e7o. Segundo a Pol\u00edcia Militar Rodovi\u00e1ria, o motorista seguia para Ipatinga quando perdeu o controle do carro, bateu em uma \u00e1rvore e capotou no local conhecido como Morro da Usipa. [&hellip;]<\/p>\n","protected":false},"author":1,"featured_media":74472,"comment_status":"open","ping_status":"closed","sticky":false,"template":"","format":"standard","meta":{"amp_status":"","footnotes":""},"categories":[121],"tags":[69142,69140,69137,69139,69141,69138],"class_list":["post-74471","post","type-post","status-publish","format-standard","has-post-thumbnail","hentry","category-leste","tag-acidente-no-morro-da-usipa","tag-duas-pessoas-ficam-feridas-em-acidente-entre-ipatinga-e-coronel-fabriciano","tag-duas-pessoas-ficam-feridas-em-acidente-na-br-381","tag-duas-pessoas-ficam-feridas-em-acidente-na-br-381-entre-ipatinga-e-coronel-fabriciano","tag-duas-pessoas-ficam-feridas-em-acidente-no-morro-da-usipa","tag-entre-ipatinga-e-coronel-fabriciano"],"_links":{"self":[{"href":"https:\/\/aconteceunovale.com.br\/portal\/index.php?rest_route=\/wp\/v2\/posts\/74471","targetHints":{"allow":["GET"]}}],"collection":[{"href":"https:\/\/aconteceunovale.com.br\/portal\/index.php?rest_route=\/wp\/v2\/posts"}],"about":[{"href":"https:\/\/aconteceunovale.com.br\/portal\/index.php?rest_route=\/wp\/v2\/types\/post"}],"author":[{"embeddable":true,"href":"https:\/\/aconteceunovale.com.br\/portal\/index.php?rest_route=\/wp\/v2\/users\/1"}],"replies":[{"embeddable":true,"href":"https:\/\/aconteceunovale.com.br\/portal\/index.php?rest_route=%2Fwp%2Fv2%2Fcomments&post=74471"}],"version-history":[{"count":0,"href":"https:\/\/aconteceunovale.com.br\/portal\/index.php?rest_route=\/wp\/v2\/posts\/74471\/revisions"}],"wp:featuredmedia":[{"embeddable":true,"href":"https:\/\/aconteceunovale.com.br\/portal\/index.php?rest_route=\/wp\/v2\/media\/74472"}],"wp:attachment":[{"href":"https:\/\/aconteceunovale.com.br\/portal\/index.php?rest_route=%2Fwp%2Fv2%2Fmedia&parent=74471"}],"wp:term":[{"taxonomy":"category","embeddable":true,"href":"https:\/\/aconteceunovale.com.br\/portal\/index.php?rest_route=%2Fwp%2Fv2%2Fcategories&post=74471"},{"taxonomy":"post_tag","embeddable":true,"href":"https:\/\/aconteceunovale.com.br\/portal\/index.php?rest_route=%2Fwp%2Fv2%2Ftags&post=74471"}],"curies":[{"name":"wp","href":"https:\/\/api.w.org\/{rel}","templated":true}]}}