{"id":74464,"date":"2015-12-11T19:46:20","date_gmt":"2015-12-11T22:46:20","guid":{"rendered":"http:\/\/aconteceunovale.com.br\/portal\/?p=74464"},"modified":"2015-12-11T19:46:20","modified_gmt":"2015-12-11T22:46:20","slug":"sem-recursos-financeiros-aprobem-suspende-resgates-de-animais-em-governador-valadares","status":"publish","type":"post","link":"https:\/\/aconteceunovale.com.br\/portal\/?p=74464","title":{"rendered":"Sem recursos financeiros, Aprobem suspende resgates de animais em Governador Valadares"},"content":{"rendered":"<p>\u201cEssa \u00e9 a Xuxa? Fazendo festa pra mim desse jeito?\u201d perguntou surpresa Silvana Soares, presidente da Associa\u00e7\u00e3o de Prote\u00e7\u00e3o e Bem-Estar Animal (Aprobem), que h\u00e1 cerca de quatro anos realiza resgate e tratamento de animais abandonados em Governador Valadares. A Xuxa em quest\u00e3o \u00e9 uma cachorrinha sem ra\u00e7a definida. H\u00e1 dois meses foi resgatada pela ONG e hoje recebe tratamento em um lar tempor\u00e1rio. A surpresa de Silvana \u00e9 resultado da transforma\u00e7\u00e3o realizada na personalidade do animal.  De t\u00e3o agressiva que era, foram necess\u00e1rias tr\u00eas tentativas antes que a cadela pudesse ser tirada das ruas. Hoje d\u00f3cil e bem tratada, est\u00e1 pronta para ser colocada em processo de ado\u00e7\u00e3o.<\/p>\n<p>Casos de recupera\u00e7\u00e3o como este est\u00e3o amea\u00e7ados, pois nesta semana a Aprobem divulgou um comunicado informando que n\u00e3o tem recursos para realizar novos resgates. No m\u00eas passado, a ONG foi contemplada com grande doa\u00e7\u00e3o de ra\u00e7\u00e3o, mas com aproximadamente 30 animais acolhidos em lares tempor\u00e1rios, a entidade tem ainda despesas altas no custeio de consultas, rem\u00e9dios e tratamentos.<\/p>\n<p>&#8220;N\u00f3s t\u00ednhamos uma d\u00edvida de R$ 1.500 em cl\u00ednicas veterin\u00e1rias da cidade. Com as doa\u00e7\u00f5es, venda de camisetas e bazares n\u00f3s conseguimos quitar. Mas n\u00e3o h\u00e1 recursos para fazermos novos resgates, porque damos prioridade a casos mais graves, como risco de morte, f\u00eameas prenhas ou com filhotes. Esses tipos de casos costumam ficar caros, demandam consultas em veterin\u00e1rios, \u00e0s vezes cirurgias e tratamentos que n\u00e3o s\u00e3o baratos\u201d, relata Silvana.<\/p>\n<p>A preocupa\u00e7\u00e3o maior da associa\u00e7\u00e3o \u00e9 devido \u00e0 \u00e9poca do ano. Segundo a presidente, em dezembro aumentam os casos de abandono de animais. \u201cExistem pessoas que n\u00e3o t\u00eam responsabilidade. Querem viajar e soltam o animal na rua. S\u00f3 existe animal abandonado porque uma pessoa n\u00e3o foi suficientemente respons\u00e1vel para cuidar. N\u00e3o deu a prote\u00e7\u00e3o necess\u00e1ria\u201d, critica Silvana.<\/p>\n<p>Para dar conta de acolher os c\u00e3es resgatados, a Aprobem tem o apoio de cinco lares tempor\u00e1rios, onde volunt\u00e1rios disponibilizam a casa como abrigo enquanto o animal passa por tratamento, antes de estar apto a ser adotado. Um desses lares \u00e9 a casa da designer gr\u00e1fica Mariana Reis, que h\u00e1 um ano \u00e9 volunt\u00e1ria da associa\u00e7\u00e3o. Ela explica que todos os custos com alimenta\u00e7\u00e3o e sa\u00fade dos c\u00e3es s\u00e3o custeados pela entidade. \u201cO que eu ofere\u00e7o \u00e9 amor e paci\u00eancia. A Xuxa, por exemplo, chegou muito agressiva, hoje j\u00e1 aceita carinho de desconhecidos\u201d, relata. Para a designer, mais pessoas poderiam acolher os animais de rua.<\/p>\n<p><img decoding=\"async\" src=\"http:\/\/aconteceunovale.com.br\/portal\/wp-content\/uploads\/2015\/12\/aprobem_g.jpg\" alt=\"\" \/><em>Volunt\u00e1ria e presidente da Aprobem (Foto: Zana Ferreira \/ G1)<\/em><br \/>\n<\/br><\/p>\n<p><em>(Fonte: G1 dos Vales \/ Inter TV)<\/em><\/p>\n","protected":false},"excerpt":{"rendered":"<p>\u201cEssa \u00e9 a Xuxa? Fazendo festa pra mim desse jeito?\u201d perguntou surpresa Silvana Soares, presidente da Associa\u00e7\u00e3o de Prote\u00e7\u00e3o e Bem-Estar Animal (Aprobem), que h\u00e1 cerca de quatro anos realiza resgate e tratamento de animais abandonados em Governador Valadares. A Xuxa em quest\u00e3o \u00e9 uma cachorrinha sem ra\u00e7a definida. H\u00e1 dois meses foi resgatada pela [&hellip;]<\/p>\n","protected":false},"author":1,"featured_media":74465,"comment_status":"open","ping_status":"closed","sticky":false,"template":"","format":"standard","meta":{"amp_status":"","footnotes":""},"categories":[121],"tags":[69133,69134,69135,69132,247,69131],"class_list":["post-74464","post","type-post","status-publish","format-standard","has-post-thumbnail","hentry","category-leste","tag-aprobem","tag-aprobem-governador-valadares","tag-aprobem-suspende-resgates-de-animais-em-governador-valadares","tag-associacao-de-protecao-e-bem-estar-animal","tag-governador-valadares","tag-silvana-soares"],"_links":{"self":[{"href":"https:\/\/aconteceunovale.com.br\/portal\/index.php?rest_route=\/wp\/v2\/posts\/74464","targetHints":{"allow":["GET"]}}],"collection":[{"href":"https:\/\/aconteceunovale.com.br\/portal\/index.php?rest_route=\/wp\/v2\/posts"}],"about":[{"href":"https:\/\/aconteceunovale.com.br\/portal\/index.php?rest_route=\/wp\/v2\/types\/post"}],"author":[{"embeddable":true,"href":"https:\/\/aconteceunovale.com.br\/portal\/index.php?rest_route=\/wp\/v2\/users\/1"}],"replies":[{"embeddable":true,"href":"https:\/\/aconteceunovale.com.br\/portal\/index.php?rest_route=%2Fwp%2Fv2%2Fcomments&post=74464"}],"version-history":[{"count":0,"href":"https:\/\/aconteceunovale.com.br\/portal\/index.php?rest_route=\/wp\/v2\/posts\/74464\/revisions"}],"wp:featuredmedia":[{"embeddable":true,"href":"https:\/\/aconteceunovale.com.br\/portal\/index.php?rest_route=\/wp\/v2\/media\/74465"}],"wp:attachment":[{"href":"https:\/\/aconteceunovale.com.br\/portal\/index.php?rest_route=%2Fwp%2Fv2%2Fmedia&parent=74464"}],"wp:term":[{"taxonomy":"category","embeddable":true,"href":"https:\/\/aconteceunovale.com.br\/portal\/index.php?rest_route=%2Fwp%2Fv2%2Fcategories&post=74464"},{"taxonomy":"post_tag","embeddable":true,"href":"https:\/\/aconteceunovale.com.br\/portal\/index.php?rest_route=%2Fwp%2Fv2%2Ftags&post=74464"}],"curies":[{"name":"wp","href":"https:\/\/api.w.org\/{rel}","templated":true}]}}