{"id":74412,"date":"2015-12-11T10:26:59","date_gmt":"2015-12-11T13:26:59","guid":{"rendered":"http:\/\/aconteceunovale.com.br\/portal\/?p=74412"},"modified":"2015-12-11T10:26:59","modified_gmt":"2015-12-11T13:26:59","slug":"leilao-da-mgi-e-oportunidade-para-investidores-do-mercado-imobiliario","status":"publish","type":"post","link":"https:\/\/aconteceunovale.com.br\/portal\/?p=74412","title":{"rendered":"Leil\u00e3o da MGI \u00e9 oportunidade para investidores do mercado imobili\u00e1rio"},"content":{"rendered":"<p>A\u00a0Minas Gerais Participa\u00e7\u00f5es S.A (MGi)\u00a0realiza, na pr\u00f3xima quinta-feira (17\/12), na Cidade Administrativa, em Belo Horizonte, o leil\u00e3o de 36 im\u00f3veis localizados em Minas Gerais e tamb\u00e9m nos estados da Bahia e de Alagoas. O processo ter\u00e1 in\u00edcio \u00e0s 10h, na Sala de Reuni\u00f5es n\u00ba 6, no 5\u00ba andar do Edif\u00edcio Gerais. Os lances iniciais variam de R$ 7,2 mil a R$ 440 mil, conforme o im\u00f3vel em quest\u00e3o.<\/p>\n<p>De acordo com o gerente de Comercializa\u00e7\u00e3o de Bens da MGi, Ricardo Lopes, os im\u00f3veis licitados &#8220;foram encarteirados no poder p\u00fablico, decorrentes dos processos de privatiza\u00e7\u00e3o dos bancos Bemge e Credireal, e tamb\u00e9m da liquida\u00e7\u00e3o da Minas Caixa&#8221;, explica. A origem dos im\u00f3veis, nos respectivos bancos, completa Lopes, &#8220;foi execu\u00e7\u00e3o hipotec\u00e1ria decorrente da inadimpl\u00eancia dos contratos habitacionais&#8221;.<\/p>\n<p>Os im\u00f3veis que partem para o processo licitat\u00f3rio estavam arrecadados na carteira imobili\u00e1ria da\u00a0Secretaria de Estado de Fazenda (SEF). Pela lei estadual n\u00ba 13.439\/99, a venda dos ativos \u00e9 devidamente autorizada.\u00a0<strong><a href=\"http:\/\/mgipart.com.br\/leiloes\/leilao-de-imoveis-02-mgi\" target=\"_blank\">O edital pode ser consultado neste link<\/a><\/strong>, assim como fotos e descritivos dos im\u00f3veis.<\/p>\n<p>&#8220;As licita\u00e7\u00f5es para a venda de bens im\u00f3veis s\u00e3o oportunidades de compra para investidores no mercado imobili\u00e1rio&#8221;, aponta o gerente. Al\u00e9m disso, \u00e9 uma alternativa para os moradores dos im\u00f3veis que, segundo Lopes, &#8220;poder\u00e3o regularizar sua situa\u00e7\u00e3o com a compra do im\u00f3vel ocupado&#8221;, destaca.<\/p>\n<p>Conforme a Ger\u00eancia de Comercializa\u00e7\u00e3o de Bens da MGi, o leil\u00e3o ocorre com os pre\u00e7os praticados no mercado, seguindo as diretrizes estabelecidas pelo laudo de avalia\u00e7\u00e3o. Todos os im\u00f3veis foram analisados por empresas de avalia\u00e7\u00e3o devidamente cadastradas no Conselho Regional de Engenharia e Agronomia de Minas Gerais (CREA-MG), credenciadas junto \u00e0 MGi. Todos os trabalhos seguiram em alinhamento \u00e0s normas da Associa\u00e7\u00e3o Brasileira de Normas T\u00e9cnicas (ABNT).<\/p>\n<p>&#8220;Posteriormente \u00e0 extin\u00e7\u00e3o dos bancos, foram arrecadados nas carteiras imobili\u00e1rias geridas pela MGi aproximadamente R$ 32 milh\u00f5es, com boas perspectivas para os exerc\u00edcios futuros&#8221;, observa Ricardo Lopes, sobre a expectativa de arrecada\u00e7\u00e3o. Apesar disso, ressalta o gerente, \u00e9 importante considerar que, a cada ano, &#8220;a sobra das carteiras imobili\u00e1rias tem sua liquidez dificultada&#8221;, finaliza.<\/p>\n<p><strong>O leil\u00e3o<\/strong><\/p>\n<p>Podem participar do leil\u00e3o pessoas f\u00edsicas ou jur\u00eddicas, associadas ou n\u00e3o, que morem ou estejam estabelecidas no territ\u00f3rio brasileiro. \u00c9 vedada a entrada no processo apenas daqueles que: tenham v\u00ednculos diretos ou indiretos com o processo licitat\u00f3rio; sejam empregados ou administradores da MGI (incluindo tamb\u00e9m c\u00f4njuges, parentes consangu\u00edneos at\u00e9 quarto grau e parentes por afinidade at\u00e9 segundo grau); sejam declarados inid\u00f4neos em qualquer esfera de governo; que n\u00e3o atendam \u00e0s exig\u00eancias do edital e seus anexos.<\/p>\n<p>Conforme o edital, o interessados em participar dever\u00e3o comparecer ao local do evento antes da abertura da Sess\u00e3o P\u00fablica, no dia 17 de dezembro (quinta-feira), a partir das 9h e com encerramento autom\u00e1tico a partir do in\u00edcio leil\u00e3o. O processo deve ser feito pessoalmente ou por meio de procura\u00e7\u00e3o, para que possa ser feito o cadastramento para efetuar lances. A documenta\u00e7\u00e3o que deve ser apresentada consta no edital.<\/p>\n<p>No processo, s\u00e3o admitidos lances para pagamento \u00e0 vista, com recursos pr\u00f3prios, mas tamb\u00e9m podem ser aceitas propostas de financiamento banc\u00e1rio\u00a0 e\/ou de utiliza\u00e7\u00e3o do FGTS. No caso de propostas<\/p>\n<p>Os lances ser\u00e3o sempre para pagamento \u00e0 vista, podendo ser aceita proposta vinculada a financiamento banc\u00e1rio e\/ou \u00e0 utiliza\u00e7\u00e3o do Fundo de Garantia do Tempo de Servi\u00e7o (FGTS). Em quaisquer situa\u00e7\u00f5es, o licitante deve pagar imediatamente um valor inicial (sinal), que corresponde a, no m\u00ednimo, 20% do valor do lance vencedor. No caso de op\u00e7\u00e3o por compras por financiamento, o participante deve ficar atento, j\u00e1 que o descumprimento do contrato e frustra\u00e7\u00e3o da proposta junto ao agente financeiro poder\u00e1 representar, inclusive, perda do sinal investido.<\/p>\n<p>Confira, a seguir, os valores para os lotes, apartamentos, pr\u00e9dio, casas, garagens e fazenda, entre outros detalhes dos 36 bens im\u00f3veis a serem leiloados no dia 17 de dezembro:<\/p>\n<p><img decoding=\"async\" src=\"http:\/\/agenciaminas.mg.gov.br\/ckeditor_assets\/pictures\/547\/content_leiloes---tabela.jpg\" alt=\"\" \/><br \/>\n<\/br><\/p>\n<p>Outras informa\u00e7\u00f5es sobre o leil\u00e3o: (31) 3915-4862 \/ (31) 3915-4861 \/ gecob@mgipart.com.br \/ <a href=\"http:\/\/www.mgipart.com.br\" target=\"_blank\">www.mgipart.com.br<\/a>.<\/p>\n","protected":false},"excerpt":{"rendered":"<p>A\u00a0Minas Gerais Participa\u00e7\u00f5es S.A (MGi)\u00a0realiza, na pr\u00f3xima quinta-feira (17\/12), na Cidade Administrativa, em Belo Horizonte, o leil\u00e3o de 36 im\u00f3veis localizados em Minas Gerais e tamb\u00e9m nos estados da Bahia e de Alagoas. O processo ter\u00e1 in\u00edcio \u00e0s 10h, na Sala de Reuni\u00f5es n\u00ba 6, no 5\u00ba andar do Edif\u00edcio Gerais. Os lances iniciais variam [&hellip;]<\/p>\n","protected":false},"author":1,"featured_media":74413,"comment_status":"open","ping_status":"closed","sticky":false,"template":"","format":"standard","meta":{"amp_status":"","footnotes":""},"categories":[123],"tags":[68987,68984,68982,68985,68983,68986,68981],"class_list":["post-74412","post","type-post","status-publish","format-standard","has-post-thumbnail","hentry","category-gerais","tag-leilao-da-mgi-e-oportunidade-para-investidores-do-mercado-imobiliario","tag-leilao-de-imoveis-mgi","tag-leilao-de-imoveis-minas-gerais-participacoes","tag-leilao-mgi","tag-leilao-minas-gerais-participacoes","tag-mgi","tag-minas-gerais-participacoes"],"_links":{"self":[{"href":"https:\/\/aconteceunovale.com.br\/portal\/index.php?rest_route=\/wp\/v2\/posts\/74412","targetHints":{"allow":["GET"]}}],"collection":[{"href":"https:\/\/aconteceunovale.com.br\/portal\/index.php?rest_route=\/wp\/v2\/posts"}],"about":[{"href":"https:\/\/aconteceunovale.com.br\/portal\/index.php?rest_route=\/wp\/v2\/types\/post"}],"author":[{"embeddable":true,"href":"https:\/\/aconteceunovale.com.br\/portal\/index.php?rest_route=\/wp\/v2\/users\/1"}],"replies":[{"embeddable":true,"href":"https:\/\/aconteceunovale.com.br\/portal\/index.php?rest_route=%2Fwp%2Fv2%2Fcomments&post=74412"}],"version-history":[{"count":0,"href":"https:\/\/aconteceunovale.com.br\/portal\/index.php?rest_route=\/wp\/v2\/posts\/74412\/revisions"}],"wp:featuredmedia":[{"embeddable":true,"href":"https:\/\/aconteceunovale.com.br\/portal\/index.php?rest_route=\/wp\/v2\/media\/74413"}],"wp:attachment":[{"href":"https:\/\/aconteceunovale.com.br\/portal\/index.php?rest_route=%2Fwp%2Fv2%2Fmedia&parent=74412"}],"wp:term":[{"taxonomy":"category","embeddable":true,"href":"https:\/\/aconteceunovale.com.br\/portal\/index.php?rest_route=%2Fwp%2Fv2%2Fcategories&post=74412"},{"taxonomy":"post_tag","embeddable":true,"href":"https:\/\/aconteceunovale.com.br\/portal\/index.php?rest_route=%2Fwp%2Fv2%2Ftags&post=74412"}],"curies":[{"name":"wp","href":"https:\/\/api.w.org\/{rel}","templated":true}]}}