{"id":74404,"date":"2015-12-10T22:54:16","date_gmt":"2015-12-11T01:54:16","guid":{"rendered":"http:\/\/aconteceunovale.com.br\/portal\/?p=74404"},"modified":"2015-12-10T23:20:58","modified_gmt":"2015-12-11T02:20:58","slug":"morador-de-rua-e-aprovado-em-1o-lugar-em-concurso-publico-realizado-em-minas-gerais","status":"publish","type":"post","link":"https:\/\/aconteceunovale.com.br\/portal\/?p=74404","title":{"rendered":"Morador de rua \u00e9 aprovado em 1\u00ba lugar em concurso p\u00fablico realizado em Minas Gerais"},"content":{"rendered":"<p>Valter Fonseca, de 41 anos, \u00e9 natural de Ilh\u00e9us (BA) e vive h\u00e1 10 anos nas ruas de Patos de Minas (MG), a 456 quil\u00f4metros de Belo Horizonte. Nesta semana, viu a vida mudar de rumo. O nome dele aparece em primeiro lugar na lista de aprovados no concurso p\u00fablico para coveiro na cidade mineira. Dos 30 pontos, Valter fez 26.<\/p>\n<p>Eram 21 candidatos disputando 3 vagas. O emprego tem sal\u00e1rio de R$ 805,18, al\u00e9m de benef\u00edcios como vale-alimenta\u00e7\u00e3o, vale transporte e plano de sa\u00fade. <\/p>\n<p>&#8220;Quando terminei a prova, no dia 18 de outubro, n\u00e3o pensava que tinha feito tantos pontos. Dois dias depois saiu o gabarito e conferi minha prova. Fui at\u00e9 uma costureira que sempre costura minha roupa quando rasga e ela me disse: &#8216;Voc\u00ea passou; fez 85% da prova&#8217;. Fiquei t\u00e3o emocionado que n\u00e3o sabia o que fazer.&#8221;<\/p>\n<p><img decoding=\"async\" src=\"http:\/\/aconteceunovale.com.br\/portal\/wp-content\/uploads\/2015\/12\/morador_de_rua_pocos.jpg\" alt=\"\" \/><em>&#8216;Meu maior sonho \u00e9 come\u00e7ar a trabalhar para ter a renda pr\u00f3pria&#8217;, diz Valter &#8211; Foto: Selma Cruz \/ UOL<\/em><br \/>\n<\/br><\/p>\n<p>A vida nas ruas da cidade do interior de Minas come\u00e7ou em 2005, cinco anos depois de ter sa\u00eddo de Ilh\u00e9us. Naquela \u00e9poca, se separou da ex-mulher e perdeu o emprego.<\/p>\n<p>&#8220;Entrei em depress\u00e3o, comecei a usar \u00e1lcool e s\u00f3 parei h\u00e1 cinco anos, quando vi a morte de perto. Hoje durmo na varanda de um bar e fa\u00e7o bico nas casas e restaurantes da cidade para sobreviver&#8221;, conta.<\/p>\n<p>A escolha pelo cargo de coveiro, segundo ele, foi por considerar ter habilidade com trabalhos bra\u00e7ais.<\/p>\n<p>Para estudar, Valter contou com a ajuda da assistente social Maria Augusta de Lacerda Ferreira, diretora do Creas (Centro de Refer\u00eancia Especializado de Assist\u00eancia Social) de Patos de Minas. Ela o encontrou nas ruas h\u00e1 tr\u00eas anos e come\u00e7ou a ajud\u00e1-lo a melhorar de vida. <\/p>\n<p>Depois de indicar o morador de rua para cinco empregos diferentes e ter resposta negativa em todos eles, a assistente social viu no concurso a oportunidade para que ele mudasse de vida. Maria Augusta, ent\u00e3o, imprimiu para ele provas, simulados, not\u00edcias e os cadernos de provas do Enem (Exame Nacional do Ensino M\u00e9dio) dos \u00faltimos dois anos.<\/p>\n<p>&#8220;Ele chegou a fazer at\u00e9 tr\u00eas provas em um dia s\u00f3. A gente sabia que ele estudava nas pra\u00e7as e na rua com os livros que ele buscava aqui. Vi muita dedica\u00e7\u00e3o por parte dele e o resultado foi merecedor&#8221;, conta ela. &#8220;Eu n\u00e3o fiz nada al\u00e9m da minha fun\u00e7\u00e3o, mas a sensa\u00e7\u00e3o de felicidade que tive foi a mesma que se um filho tivesse passado. Isso prova que vale a pena ajudar.&#8221;<\/p>\n<p>Valter Fonseca ainda est\u00e1 vivendo na rua e aguarda o concurso ser homologado para ser chamado e come\u00e7ar a trabalhar. <\/p>\n<p>&#8220;Eu quero sair das ruas. Meu maior sonho \u00e9 come\u00e7ar a trabalhar para ter a renda pr\u00f3pria e conseguir recome\u00e7ar minha vida em um lar.&#8221;<\/p>\n<p><img decoding=\"async\" src=\"http:\/\/aconteceunovale.com.br\/portal\/wp-content\/uploads\/2015\/12\/morador_de_rua_pocos2.jpg\" alt=\"\" \/><br \/>\n<\/br><\/p>\n<p><em>(Fonte: UOL \/ Rep\u00f3rter: Renata Tavares)<\/em><\/p>\n","protected":false},"excerpt":{"rendered":"<p>Valter Fonseca, de 41 anos, \u00e9 natural de Ilh\u00e9us (BA) e vive h\u00e1 10 anos nas ruas de Patos de Minas (MG), a 456 quil\u00f4metros de Belo Horizonte. Nesta semana, viu a vida mudar de rumo. O nome dele aparece em primeiro lugar na lista de aprovados no concurso p\u00fablico para coveiro na cidade mineira. [&hellip;]<\/p>\n","protected":false},"author":1,"featured_media":74406,"comment_status":"open","ping_status":"closed","sticky":false,"template":"","format":"standard","meta":{"amp_status":"","footnotes":""},"categories":[123],"tags":[22236,68973,68975,68974,68972,68976,214,68971],"class_list":["post-74404","post","type-post","status-publish","format-standard","has-post-thumbnail","hentry","category-gerais","tag-ilheus","tag-morador-de-rua-aprovado-em-concurso","tag-morador-de-rua-aprovado-em-concurso-da-prefeitura-de-patos-de-minas","tag-morador-de-rua-aprovado-em-concurso-em-pocos-de-caldas","tag-morador-de-rua-e-aprovado-em-1o-lugar-em-concurso-publico-realizado-em-minas-gerais","tag-morador-de-rua-patos-de-minas","tag-patos-de-minas","tag-valter-fonseca"],"_links":{"self":[{"href":"https:\/\/aconteceunovale.com.br\/portal\/index.php?rest_route=\/wp\/v2\/posts\/74404","targetHints":{"allow":["GET"]}}],"collection":[{"href":"https:\/\/aconteceunovale.com.br\/portal\/index.php?rest_route=\/wp\/v2\/posts"}],"about":[{"href":"https:\/\/aconteceunovale.com.br\/portal\/index.php?rest_route=\/wp\/v2\/types\/post"}],"author":[{"embeddable":true,"href":"https:\/\/aconteceunovale.com.br\/portal\/index.php?rest_route=\/wp\/v2\/users\/1"}],"replies":[{"embeddable":true,"href":"https:\/\/aconteceunovale.com.br\/portal\/index.php?rest_route=%2Fwp%2Fv2%2Fcomments&post=74404"}],"version-history":[{"count":0,"href":"https:\/\/aconteceunovale.com.br\/portal\/index.php?rest_route=\/wp\/v2\/posts\/74404\/revisions"}],"wp:featuredmedia":[{"embeddable":true,"href":"https:\/\/aconteceunovale.com.br\/portal\/index.php?rest_route=\/wp\/v2\/media\/74406"}],"wp:attachment":[{"href":"https:\/\/aconteceunovale.com.br\/portal\/index.php?rest_route=%2Fwp%2Fv2%2Fmedia&parent=74404"}],"wp:term":[{"taxonomy":"category","embeddable":true,"href":"https:\/\/aconteceunovale.com.br\/portal\/index.php?rest_route=%2Fwp%2Fv2%2Fcategories&post=74404"},{"taxonomy":"post_tag","embeddable":true,"href":"https:\/\/aconteceunovale.com.br\/portal\/index.php?rest_route=%2Fwp%2Fv2%2Ftags&post=74404"}],"curies":[{"name":"wp","href":"https:\/\/api.w.org\/{rel}","templated":true}]}}