{"id":74228,"date":"2015-12-07T15:11:12","date_gmt":"2015-12-07T18:11:12","guid":{"rendered":"http:\/\/aconteceunovale.com.br\/portal\/?p=74228"},"modified":"2015-12-07T15:11:12","modified_gmt":"2015-12-07T18:11:12","slug":"trabalhador-morre-eletrocutado-na-zona-rural-de-aracuai","status":"publish","type":"post","link":"https:\/\/aconteceunovale.com.br\/portal\/?p=74228","title":{"rendered":"Trabalhador morre eletrocutado na zona rural de Ara\u00e7ua\u00ed"},"content":{"rendered":"<p>Um homem de 28 anos morreu eletrocutado na manh\u00e3 desse domingo (6\/12) na Comunidade Barra de Set\u00fabal, munic\u00edpio de Ara\u00e7ua\u00ed, no Vale do Jequitinhonha. De acordo com informa\u00e7\u00f5es da Pol\u00edcia Militar (PM), Edivan Moreira Alves foi at\u00e9 o C\u00f3rrego Set\u00fabal, pr\u00f3ximo \u00e0 resid\u00eancia de sua m\u00e3e, para desligar uma bomba d&#8217;\u00e1gua e ao manusear o equipamento, levou um choque el\u00e9trico.<\/p>\n<p>A v\u00edtima caiu dentro do C\u00f3rrego Set\u00fabal e foi retirada pela m\u00e3e, mas j\u00e1 estava sem sinais vitais. O corpo foi encaminhado para o Instituto M\u00e9dico Legal (IML) em Almenara. <\/p>\n<p><strong>Esfaqueado no Bairro Canoeiro Jos\u00e9 Alves de Carvalho<\/strong><\/p>\n<p>Um homem de 51 anos foi esfaqueado na noite de domingo (6\/12) na Rua Juiz de Paz Pedro Carvalho, no Bairro Canoeiro Jos\u00e9 Alves de Carvalho. A v\u00edtima foi socorrida pelo SAMU e encaminhada para atendimento m\u00e9dico no Hospital local, onde foram constatadas perfura\u00e7\u00f5es na regi\u00e3o tor\u00e1cica, lombar e membro superior esquerdo. O homem permaneceu internado e, segundo a PM, n\u00e3o corre risco de morte. <\/p>\n<p>Ainda segundo a Pol\u00edcia Militar, a v\u00edtima disse aos funcion\u00e1rios do hospital o nome do autor do crime, mas ele n\u00e3o havia sido localizado at\u00e9 a manh\u00e3 desta segunda-feira (07\/12).<\/p>\n<p><strong>Idosa de 63 anos v\u00edtima de assalto<\/strong><\/p>\n<p>Uma mulher de 63 anos foi assaltada na tarde de s\u00e1bado, 5 de dezembro, em Ara\u00e7ua\u00ed. A v\u00edtima estava com uma neta de 13 anos quando foi surpreendida por dois indiv\u00edduos em uma motocicleta vermelha. O passageiro anunciou o assalto com uma arma de fogo em punho. Inicialmente a idosa reagiu e agrediu o autor com um guarda-chuva, momento que ele apontou a arma para sua neta e a amea\u00e7ou de morte.<\/p>\n<p>A idosa entregou a bolsa contendo um telefone celular e R$ 150,00 em dinheiro. Os autores evadiram em alta velocidade e s\u00e3o procurados pela Pol\u00edcia.<\/p>\n","protected":false},"excerpt":{"rendered":"<p>Um homem de 28 anos morreu eletrocutado na manh\u00e3 desse domingo (6\/12) na Comunidade Barra de Set\u00fabal, munic\u00edpio de Ara\u00e7ua\u00ed, no Vale do Jequitinhonha. De acordo com informa\u00e7\u00f5es da Pol\u00edcia Militar (PM), Edivan Moreira Alves foi at\u00e9 o C\u00f3rrego Set\u00fabal, pr\u00f3ximo \u00e0 resid\u00eancia de sua m\u00e3e, para desligar uma bomba d&#8217;\u00e1gua e ao manusear o [&hellip;]<\/p>\n","protected":false},"author":1,"featured_media":66546,"comment_status":"open","ping_status":"closed","sticky":false,"template":"","format":"standard","meta":{"amp_status":"","footnotes":""},"categories":[120],"tags":[186,33634,68535,68532,68534,68533,43602,48601,68531,43159],"class_list":["post-74228","post","type-post","status-publish","format-standard","has-post-thumbnail","hentry","category-jequi","tag-aracuai","tag-assalto-em-aracuai","tag-edivan-moreira-alves","tag-eletrocutado-em-aracuai","tag-esfaqueado-no-bairro-canoeiro","tag-esfaqueado-no-bairro-canoeiro-jose-alves-de-carvalho","tag-morte-em-aracuai","tag-roubo-em-aracuai","tag-trabalhador-morre-eletrocutado-na-zona-rural-de-aracuai","tag-violencia-em-aracuai"],"_links":{"self":[{"href":"https:\/\/aconteceunovale.com.br\/portal\/index.php?rest_route=\/wp\/v2\/posts\/74228","targetHints":{"allow":["GET"]}}],"collection":[{"href":"https:\/\/aconteceunovale.com.br\/portal\/index.php?rest_route=\/wp\/v2\/posts"}],"about":[{"href":"https:\/\/aconteceunovale.com.br\/portal\/index.php?rest_route=\/wp\/v2\/types\/post"}],"author":[{"embeddable":true,"href":"https:\/\/aconteceunovale.com.br\/portal\/index.php?rest_route=\/wp\/v2\/users\/1"}],"replies":[{"embeddable":true,"href":"https:\/\/aconteceunovale.com.br\/portal\/index.php?rest_route=%2Fwp%2Fv2%2Fcomments&post=74228"}],"version-history":[{"count":0,"href":"https:\/\/aconteceunovale.com.br\/portal\/index.php?rest_route=\/wp\/v2\/posts\/74228\/revisions"}],"wp:featuredmedia":[{"embeddable":true,"href":"https:\/\/aconteceunovale.com.br\/portal\/index.php?rest_route=\/wp\/v2\/media\/66546"}],"wp:attachment":[{"href":"https:\/\/aconteceunovale.com.br\/portal\/index.php?rest_route=%2Fwp%2Fv2%2Fmedia&parent=74228"}],"wp:term":[{"taxonomy":"category","embeddable":true,"href":"https:\/\/aconteceunovale.com.br\/portal\/index.php?rest_route=%2Fwp%2Fv2%2Fcategories&post=74228"},{"taxonomy":"post_tag","embeddable":true,"href":"https:\/\/aconteceunovale.com.br\/portal\/index.php?rest_route=%2Fwp%2Fv2%2Ftags&post=74228"}],"curies":[{"name":"wp","href":"https:\/\/api.w.org\/{rel}","templated":true}]}}