{"id":74222,"date":"2015-12-07T13:50:04","date_gmt":"2015-12-07T16:50:04","guid":{"rendered":"http:\/\/aconteceunovale.com.br\/portal\/?p=74222"},"modified":"2015-12-07T13:50:04","modified_gmt":"2015-12-07T16:50:04","slug":"homem-mata-irmao-apos-desentendimento-por-causa-de-cigarro-em-braunas","status":"publish","type":"post","link":"https:\/\/aconteceunovale.com.br\/portal\/?p=74222","title":{"rendered":"Homem mata irm\u00e3o ap\u00f3s desentendimento por causa de cigarro em Bra\u00fanas"},"content":{"rendered":"<p>Um homem de 41 anos foi assassinado a facada no fim da tarde desse domingo, 6 de dezembro, no C\u00f3rrego do Cedro, munic\u00edpio de Bra\u00fanas, no Leste de Minas Gerais. O autor do crime \u00e9 o irm\u00e3o da v\u00edtima, que foi preso em flagrante e conduzido \u00e0 Delegacia de Plant\u00e3o.<\/p>\n<p>De acordo com a Pol\u00edcia Militar (PM), por volta das 18 horas, a v\u00edtima Itamar Martins de Arruda teria pedido uma palha para fazer cigarro ao seu irm\u00e3o Avacir Marques de Arruda. Como pediu com desaforo, Avacir teria falado que s\u00f3 tinha fumo e que n\u00e3o iria dar a ele. Neste momento a v\u00edtima teria proferido um palavr\u00e3o. N\u00e3o gostando das palavras ditas pelo irm\u00e3o, o autor o atingiu com um golpe de faca no abd\u00f4men. <\/p>\n<p>Itamar n\u00e3o resistiu ao ferimento e veio a \u00f3bito no local. O autor evadiu para um matagal nas proximidades do local do crime.<\/p>\n<p>Durante rastreamentos, militares apreenderam uma espingarda do tipo chumbeira na casa do autor. Ap\u00f3s escurecer, um policial permaneceu no local e os demais sa\u00edram com a viatura como se estivesse indo embora. Ap\u00f3s certo tempo, Avacir saiu do mato e ao chegar a sua casa, foi surpreendido pelo militar que estava de campana.<\/p>\n<p>A Per\u00edcia T\u00e9cnica da Pol\u00edcia Civil foi acionada e ap\u00f3s os trabalhos de praxe, o corpo foi encaminhado para o Instituto M\u00e9dico Legal (IML) da regi\u00e3o.<\/p>\n","protected":false},"excerpt":{"rendered":"<p>Um homem de 41 anos foi assassinado a facada no fim da tarde desse domingo, 6 de dezembro, no C\u00f3rrego do Cedro, munic\u00edpio de Bra\u00fanas, no Leste de Minas Gerais. O autor do crime \u00e9 o irm\u00e3o da v\u00edtima, que foi preso em flagrante e conduzido \u00e0 Delegacia de Plant\u00e3o. De acordo com a Pol\u00edcia [&hellip;]<\/p>\n","protected":false},"author":1,"featured_media":60179,"comment_status":"open","ping_status":"closed","sticky":false,"template":"","format":"standard","meta":{"amp_status":"","footnotes":""},"categories":[121],"tags":[68522,68521,68524,276,68518,68519,68523,68520],"class_list":["post-74222","post","type-post","status-publish","format-standard","has-post-thumbnail","hentry","category-leste","tag-assassinado-em-braunas","tag-assassinato-em-braunas","tag-avacir-marques-de-arruda","tag-braunas","tag-homem-mata-irmao-apos-desentendimento-por-causa-de-cigarro-em-braunas","tag-homicidio-em-braunas","tag-itamar-martins-de-arruda","tag-morte-em-braunas"],"_links":{"self":[{"href":"https:\/\/aconteceunovale.com.br\/portal\/index.php?rest_route=\/wp\/v2\/posts\/74222","targetHints":{"allow":["GET"]}}],"collection":[{"href":"https:\/\/aconteceunovale.com.br\/portal\/index.php?rest_route=\/wp\/v2\/posts"}],"about":[{"href":"https:\/\/aconteceunovale.com.br\/portal\/index.php?rest_route=\/wp\/v2\/types\/post"}],"author":[{"embeddable":true,"href":"https:\/\/aconteceunovale.com.br\/portal\/index.php?rest_route=\/wp\/v2\/users\/1"}],"replies":[{"embeddable":true,"href":"https:\/\/aconteceunovale.com.br\/portal\/index.php?rest_route=%2Fwp%2Fv2%2Fcomments&post=74222"}],"version-history":[{"count":0,"href":"https:\/\/aconteceunovale.com.br\/portal\/index.php?rest_route=\/wp\/v2\/posts\/74222\/revisions"}],"wp:featuredmedia":[{"embeddable":true,"href":"https:\/\/aconteceunovale.com.br\/portal\/index.php?rest_route=\/wp\/v2\/media\/60179"}],"wp:attachment":[{"href":"https:\/\/aconteceunovale.com.br\/portal\/index.php?rest_route=%2Fwp%2Fv2%2Fmedia&parent=74222"}],"wp:term":[{"taxonomy":"category","embeddable":true,"href":"https:\/\/aconteceunovale.com.br\/portal\/index.php?rest_route=%2Fwp%2Fv2%2Fcategories&post=74222"},{"taxonomy":"post_tag","embeddable":true,"href":"https:\/\/aconteceunovale.com.br\/portal\/index.php?rest_route=%2Fwp%2Fv2%2Ftags&post=74222"}],"curies":[{"name":"wp","href":"https:\/\/api.w.org\/{rel}","templated":true}]}}