{"id":74181,"date":"2015-12-06T12:39:18","date_gmt":"2015-12-06T15:39:18","guid":{"rendered":"http:\/\/aconteceunovale.com.br\/portal\/?p=74181"},"modified":"2015-12-06T12:39:18","modified_gmt":"2015-12-06T15:39:18","slug":"chuva-alaga-ruas-e-enxurrada-invade-casas-em-montes-claros","status":"publish","type":"post","link":"https:\/\/aconteceunovale.com.br\/portal\/?p=74181","title":{"rendered":"Chuva alaga ruas e enxurrada invade casas em Montes Claros"},"content":{"rendered":"<p>Algumas ocorr\u00eancias de alagamento foram registradas em Montes Claros, na madrugada deste domingo (6\/12\/2015). Os bairros mais afetados foram o Eldorado, Santos Reis, Jardim Alvorada, Vila Ipiranga, Canelas e Santa Rita. Segundo a Defesa Civil, das 4h00 \u00e0s 5h30, choveu 65,3 mil\u00edmetros e h\u00e1 possibilidades de chuvas ao longo o dia. N\u00e3o houve registro de feridos.<\/p>\n<p>Somente o Corpo de Bombeiros, atendeu pelo menos 15 solicita\u00e7\u00f5es de alagamento. Os militares foram chamados na Avenida Deputado Esteves Rodrigues, onde dois homens pularam no C\u00f3rrego Vieira. Quando a equipe chegou no local, eles j\u00e1 haviam sido retirados.<\/p>\n<p>A Defesa Civil foi chamada na Vila S\u00e3o Francisco de Assis, onde uma casa no Beco Saracura apresentava riscos de cair, uma parte da parede desabou.<\/p>\n<p>Nenhum acidente relacionado \u00e0 chuva foi registrado nas tr\u00eas rodovias que cortam a maior cidade do Norte de Minas. A Pol\u00edcia Rodovi\u00e1ria Federal pede para que os motoristas redobrem a aten\u00e7\u00e3o e respeitem principalmente o limite de velocidade das rodovias.<\/p>\n<p>H\u00e1 cerca de 15 dias, em 23 de novembro, uma chuva de 57,9 mil\u00edmetros atingiu Montes Claros. Houve registros de alagamentos e quedas de \u00e1rvores. Um homem morreu depois de pular em um c\u00f3rrego, ele estava com um amigo, que conseguiu se salvar. Um corpo tamb\u00e9m foi encontrado na enxurrada, o Samu foi acionado e confirmou o \u00f3bito. V\u00e1rios bairros da cidade tamb\u00e9m ficaram sem energia el\u00e9trica.  <\/p>\n<p><img decoding=\"async\" src=\"http:\/\/aconteceunovale.com.br\/portal\/wp-content\/uploads\/2015\/12\/chuva_moc.jpg\" alt=\"\" \/><em>Parede de casa na Vila S\u00e3o Francisco de Assis caiu ap\u00f3s a chuva (Foto: Divulga\u00e7\u00e3o \/ Defesa Civil)<\/em><br \/>\n<\/br><\/p>\n<h4><strong>Chuva na regi\u00e3o<\/strong><\/h4>\n<p>Em Carbonita, no Vale do Jequitinhonha, a chuva acompanhada ventos fortes retorceu o telhado de um gin\u00e1sio poliesportivo. Segundo relato de moradores, a ventania tamb\u00e9m derrubou \u00e1rvores.<\/p>\n<p>O temporal que caiu na regi\u00e3o tamb\u00e9m derrubou v\u00e1rias \u00e1rvores na MGC-120 (entre Guanh\u00e3es e Santa Maria do Sua\u00e7u\u00ed) e na MG-117 (entre S\u00e3o Pedro do Sua\u00e7u\u00ed e Coluna). Pela manh\u00e3 o Aconteceu no Vale utilizou suas redes sociais para chamar a aten\u00e7\u00e3o dos motoristas que trafegam nas rodovias citadas.<\/p>\n<p>Em Ipatinga, Santana do Para\u00edso e Coronel Fabriciano, o Corpo de Bombeiros registrou pelo menos 15 ocorr\u00eancias de quedas de \u00e1rvores na noite de s\u00e1bado (5\/12\/2015). Os bairros mais atingidos em Ipatinga foram o Caravelas, Castelo, Veneza I e II, Cariru e Igua\u00e7u. Em Santana do Para\u00edso, os registros foram no Parque Caravelas e Cidade Nova. J\u00e1 em Coronel Fabriciano, os militares atenderam chamados no Bairro Giovannini e no Distrito do Melo Viana.<\/p>\n<p>No Bairro Caravelas, em Ipatinga, uma \u00e1rvore caiu e derrubou o muro da Escola Estadual Professora Nilza Luzia de Souza Butta. Na BR-381, na mesma regi\u00e3o, tr\u00eas \u00e1rvores quebraram e ca\u00edram dentro da \u00e1rea de um residencial.<\/p>\n<p><em>(Fonte: G1 Grande Minas \/ G1 dos Vales \/ Aconteceu no Vale)<\/em><\/p>\n","protected":false},"excerpt":{"rendered":"<p>Algumas ocorr\u00eancias de alagamento foram registradas em Montes Claros, na madrugada deste domingo (6\/12\/2015). Os bairros mais afetados foram o Eldorado, Santos Reis, Jardim Alvorada, Vila Ipiranga, Canelas e Santa Rita. Segundo a Defesa Civil, das 4h00 \u00e0s 5h30, choveu 65,3 mil\u00edmetros e h\u00e1 possibilidades de chuvas ao longo o dia. N\u00e3o houve registro de [&hellip;]<\/p>\n","protected":false},"author":1,"featured_media":74182,"comment_status":"open","ping_status":"closed","sticky":false,"template":"","format":"standard","meta":{"amp_status":"","footnotes":""},"categories":[1236],"tags":[68466,557,68467,1159,68465,20795,1524,201,210,2101,1190,67062],"class_list":["post-74181","post","type-post","status-publish","format-standard","has-post-thumbnail","hentry","category-norte_de_minas","tag-alagamentos-em-montes-claros","tag-carbonita","tag-casas-invadidas-pela-enxurrada-em-montes-claros","tag-chuva","tag-chuva-alaga-ruas-e-enxurrada-invade-casas-em-montes-claros","tag-chuva-em-montes-claros","tag-coronel-fabriciano","tag-ipatinga","tag-montes-claros","tag-santana-do-paraiso","tag-temporal","tag-temporal-em-montes-claros"],"_links":{"self":[{"href":"https:\/\/aconteceunovale.com.br\/portal\/index.php?rest_route=\/wp\/v2\/posts\/74181","targetHints":{"allow":["GET"]}}],"collection":[{"href":"https:\/\/aconteceunovale.com.br\/portal\/index.php?rest_route=\/wp\/v2\/posts"}],"about":[{"href":"https:\/\/aconteceunovale.com.br\/portal\/index.php?rest_route=\/wp\/v2\/types\/post"}],"author":[{"embeddable":true,"href":"https:\/\/aconteceunovale.com.br\/portal\/index.php?rest_route=\/wp\/v2\/users\/1"}],"replies":[{"embeddable":true,"href":"https:\/\/aconteceunovale.com.br\/portal\/index.php?rest_route=%2Fwp%2Fv2%2Fcomments&post=74181"}],"version-history":[{"count":0,"href":"https:\/\/aconteceunovale.com.br\/portal\/index.php?rest_route=\/wp\/v2\/posts\/74181\/revisions"}],"wp:featuredmedia":[{"embeddable":true,"href":"https:\/\/aconteceunovale.com.br\/portal\/index.php?rest_route=\/wp\/v2\/media\/74182"}],"wp:attachment":[{"href":"https:\/\/aconteceunovale.com.br\/portal\/index.php?rest_route=%2Fwp%2Fv2%2Fmedia&parent=74181"}],"wp:term":[{"taxonomy":"category","embeddable":true,"href":"https:\/\/aconteceunovale.com.br\/portal\/index.php?rest_route=%2Fwp%2Fv2%2Fcategories&post=74181"},{"taxonomy":"post_tag","embeddable":true,"href":"https:\/\/aconteceunovale.com.br\/portal\/index.php?rest_route=%2Fwp%2Fv2%2Ftags&post=74181"}],"curies":[{"name":"wp","href":"https:\/\/api.w.org\/{rel}","templated":true}]}}