{"id":74179,"date":"2015-12-06T12:05:12","date_gmt":"2015-12-06T15:05:12","guid":{"rendered":"http:\/\/aconteceunovale.com.br\/portal\/?p=74179"},"modified":"2015-12-06T12:05:12","modified_gmt":"2015-12-06T15:05:12","slug":"desconfianca-sobre-qualidade-da-agua-muda-rotina-em-governador-valadares-2","status":"publish","type":"post","link":"https:\/\/aconteceunovale.com.br\/portal\/?p=74179","title":{"rendered":"Desconfian\u00e7a sobre qualidade da \u00e1gua muda rotina em Governador Valadares"},"content":{"rendered":"<p>Embora uma das frases mais usadas seja \u201clegado para o futuro\u201d, o desastre ambiental que exterminou a vida no rio Doce e agravou uma crise h\u00eddrica sem precedentes alterou o \u201cpresente\u201d dos moradores de Governador Valadares.<\/p>\n<p>Al\u00e9m dos preju\u00edzos ambientais, sociais e econ\u00f4micos, a trag\u00e9dia marcou a vida dos valadarenses. A busca por \u00e1gua limpa virou necessidade b\u00e1sica, exigiu estrutura de guerra e foi motivo de pris\u00f5es.<\/p>\n<p>Um m\u00eas ap\u00f3s a trag\u00e9dia, os que tiram o sustento do rio repensam o futuro. \u201cSabemos que o rio est\u00e1 morto e n\u00e3o temos expectativa de melhoria nem a longo prazo\u201d, diz Rodolfo Zulske, presidente da col\u00f4nia de pescadores Z-19, que re\u00fane 500 profissionais.<\/p>\n<p>Ele lamenta o sumi\u00e7o de esp\u00e9cies como o piau-vermelho e o cascudo, dizimados pela lama. \u201cNa verdade, nosso rio vai continuar morto por cem anos\u201d.<\/p>\n<p><strong>DESVALORIZA\u00c7\u00c3O<\/strong><\/p>\n<p>A administradora Rochelli Goulart Ramos, de 34 anos, chegou a abandonar a cidade por causa da falta de \u00e1gua e se instalou temporariamente na casa de parentes, em Te\u00f3filo Otoni. De volta ao lar na Ilha dos Ara\u00fajos, n\u00e3o consegue colocar a vida em ordem.<\/p>\n<p>Os pais dela pensam em se mudar de vez, mas, como o pre\u00e7o dos im\u00f3veis caiu, fica dif\u00edcil negociar. \u201cA \u00e1gua que sai da torneira tem cheiro e gosto ruins e est\u00e1 amarela. Tive coceira na pele e o meu cabelo est\u00e1 p\u00e9ssimo. N\u00e3o temos condi\u00e7\u00f5es de comprar \u00e1gua para tomar banho, apenas para beber e cozinhar, o que \u00e9 um alento. Quem n\u00e3o tem enfrenta filas enormes\u201d, diz Rochelli.<\/p>\n<p>Os reflexos da contamina\u00e7\u00e3o do rio Doce e interrup\u00e7\u00e3o do abastecimento s\u00e3o sentidos em diversos setores, como no com\u00e9rcio, que registra queda de 70% nas vendas, e nos bares, hot\u00e9is e restaurantes, onde os preju\u00edzos chegam a 100%.<\/p>\n<p>O Hotel Panorama, por exemplo, concedeu f\u00e9rias coletivas e fechou as portas por uma semana, dias ap\u00f3s o rompimento da barragem. Embora tenha reaberto uma semana depois, ainda opera com 30% da capacidade.<\/p>\n<p>\u201cFechamos porque n\u00e3o havia perspectiva e as previs\u00f5es eram sombrias. Mas o abastecimento foi retomado logo. O problema \u00e9 que os clientes ainda desconfiam da qualidade da \u00e1gua que sai das torneiras e evitam a cidade\u201d, conta o propriet\u00e1rio, Marcelo Moura Neto, que calcula preju\u00edzos acima de R$ 70 mil.<\/p>\n<p>No \u00e1pice da crise h\u00eddrica, contratar um caminh\u00e3o-pipa com 8 mil litros custava R$ 1.500, quase o dobro dos dias normais, e o hotel precisaria de no m\u00ednimo dois por dia. A pol\u00edcia at\u00e9 que tentou coibir os abusos na eleva\u00e7\u00e3o dos pre\u00e7os, especialmente na venda da \u00e1gua mineral, mas apenas um flagrante com pris\u00e3o foi feito.<\/p>\n<p>No Hotel Realminas, o preju\u00edzo superou 25%, e s\u00f3 n\u00e3o foi maior porque o estabelecimento recebeu h\u00f3spedes recusados de outros hot\u00e9is. O gerente Bernardo Matoso calcula ter gastado, a cada quatro dias, R$ 10 mil com log\u00edstica para obter \u00e1gua. \u201cTivemos de alugar caminh\u00f5es-pipa, bombas e comprar caixa d\u2019\u00e1gua\u201d, explica, contando que a \u00e1gua voltou em uma semana, mas a desconfian\u00e7a afasta turistas de neg\u00f3cios da cidade.<\/p>\n<p><img decoding=\"async\" src=\"http:\/\/aconteceunovale.com.br\/portal\/wp-content\/uploads\/2015\/11\/agua_rio_doce.jpg\" alt=\"\" \/><em>Lama da barragem de Fund\u00e3o contaminou o Rio Doce &#8211; Foto: Di\u00e1rio do Rio Doce<\/em><br \/>\n<\/br><\/p>\n<h4><strong>Prefeita aponta prioridades e sugere termo de ajustamento de conduta<\/strong><\/h4>\n<p>Os preju\u00edzos da trag\u00e9dia causada pelo rompimento da barragem da Samarco ainda s\u00e3o incalcul\u00e1veis. \u201cNossa luta \u00e9 garantir que tudo seja ressarcido e que nenhuma cidade pague a conta que n\u00e3o \u00e9 sua. Juntos, vamos virar a p\u00e1gina\u201d, diz a prefeita de Valadares, Elisa Costa.<\/p>\n<p>Segundo ela, os problemas s\u00e3o ambientais e socioecon\u00f4micos. Mas todos os c\u00e1lculos, at\u00e9 agora, s\u00e3o preliminares e dever\u00e3o ser revistos porque o problema est\u00e1 em curso. Al\u00e9m dos rumores sobre a possibilidade de novos rompimentos, a lama que vazou em 5 de novembro ainda desce o rio Doce.<\/p>\n<p>\u201cNossa estrutura \u00e9 menor que o problema. \u00c9 uma situa\u00e7\u00e3o nova, ningu\u00e9m viveu isso antes no pa\u00eds e estamos aprendendo a lidar\u201d, enfatiza Elisa, ressaltando que toda ajuda disponibilizada por governos e sociedade chegou a Valadares.<\/p>\n<p><strong>A\u00e7\u00f5es<\/strong><\/p>\n<p>Garantir \u00e1gua para a popula\u00e7\u00e3o foi a prioridade. Dentre as medidas emergenciais est\u00e1 o ressarcimento da prefeitura pelas despesas nos \u00faltimos 30 dias. Garantir o mesmo para pescadores, agricultores, pecuaristas e demais \u201c\u00f3rf\u00e3os\u201d do rio Doce \u00e9 outra necessidade imediata.<\/p>\n<p>A m\u00e9dio prazo, informa Elisa Costa, est\u00e1 a constru\u00e7\u00e3o de uma nova fonte de capta\u00e7\u00e3o de \u00e1gua no rio Sua\u00e7u\u00ed Grande ou Pequeno, de uma esta\u00e7\u00e3o de tratamento m\u00f3vel no rio Capim e a moderniza\u00e7\u00e3o do laborat\u00f3rio da empresa municipal de saneamento (Saae), que teve queda na receita.<\/p>\n<p>Valadares tamb\u00e9m vai cobrar a recupera\u00e7\u00e3o da Bacia Hidrogr\u00e1fica do Rio Doce, a prote\u00e7\u00e3o das nascentes, dos afluentes e da mata ciliar, al\u00e9m do imediato desassoreamento do curso d\u2019\u00e1gua. A inten\u00e7\u00e3o \u00e9 formalizar tudo em um termo de ajustamento de conduta . \u201cSe necess\u00e1rio, entraremos na Justi\u00e7a\u201d, diz Elisa.<\/p>\n<p><strong>Tens\u00e3o constante<\/strong><\/p>\n<p>\u201cA cidade est\u00e1 estressada, emocionalmente abalada, mas vamos transformar esse momento em realiza\u00e7\u00f5es. Valadares est\u00e1 demonstrando que tem capacidade de supera\u00e7\u00e3o, solidariedade e determina\u00e7\u00e3o na busca de solu\u00e7\u00f5es\u201d, afirma a prefeita.<\/p>\n<p>\u201cO que aconteceu est\u00e1 exigindo de todos uma mudan\u00e7a de atitude e comportamento diante do meio ambiente e do rio, um grande s\u00edmbolo de vida. \u00c9 um legado educativo\u201d, encerra Elisa Costa.<\/p>\n<p><strong>Ribeirinhos de v\u00e1rias cidades cortadas por rio ficam \u2018\u00f3rf\u00e3os\u2019<\/strong><\/p>\n<p>S\u00e3o v\u00e1rios os projetos de recupera\u00e7\u00e3o dos danos resultantes do rompimento da barragem de Fund\u00e3o em Mariana, mas a lama que desce o rio Doce tamb\u00e9m leva para o mar o que n\u00e3o tem pre\u00e7o: a companhia de um gigante que foi fonte de lazer e sobreviv\u00eancia.<\/p>\n<p>H\u00e1 duas semanas, ao descer o rio Doce para identificar os \u201c\u00f3rf\u00e3os\u201d que a lama fez ao longo de 600 quil\u00f4metros, a equipe do Hoje em Dia encontrou desconsolada a dona de casa Sandra L\u00facia de Castro, de 46 anos. Ela nasceu \u00e0s margens do rio, no distrito de Pedra Corrida, em Periquito, no Vale do A\u00e7o, onde ainda vive. No mesmo lugar, os tr\u00eas filhos crescem.<\/p>\n<p>\u201cLavava roupas, vasilhas e os meninos brincavam ao redor, se distraiam pegando peixinhos. Era uma festa. Eu tamb\u00e9m cresci nessa prainha, acompanhando minha m\u00e3e. Hoje a \u00e1gua e s\u00f3 lama e tem cheiro de morte\u201d, disse.<\/p>\n<p>Outra hist\u00f3ria comovente foi a do aposentado Jos\u00e9 Lino de Marques, de 90 anos. Apesar do cen\u00e1rio catastr\u00f3fico, ele consegue enxergar um futuro diferente, mais otimista para o rio Doce. \u201cA \u00e1gua vai se recuperar rapidamente\u201d.<\/p>\n<p>At\u00e9 l\u00e1, o aposentado ter\u00e1 muito trabalho. Os 40 porcos e galinhas que cria para vender bebiam da \u00e1gua do rio. Agora, tem de buscar de carro\u00e7a em um a\u00e7ude.<\/p>\n<p>\u201cN\u00e3o tenho for\u00e7a para ficar para l\u00e1 e para c\u00e1. Sorte que a natureza d\u00e1 um jeito em tudo. Daqui a pouco, cai uma chuva boa e lava essa lama toda\u201d.<\/p>\n<p><em>(Fonte: Jornal Hoje em Dia \/ Rep\u00f3rter: Ana L\u00facia Gon\u00e7alves)<\/em><\/p>\n","protected":false},"excerpt":{"rendered":"<p>Embora uma das frases mais usadas seja \u201clegado para o futuro\u201d, o desastre ambiental que exterminou a vida no rio Doce e agravou uma crise h\u00eddrica sem precedentes alterou o \u201cpresente\u201d dos moradores de Governador Valadares. Al\u00e9m dos preju\u00edzos ambientais, sociais e econ\u00f4micos, a trag\u00e9dia marcou a vida dos valadarenses. A busca por \u00e1gua limpa [&hellip;]<\/p>\n","protected":false},"author":1,"featured_media":73556,"comment_status":"open","ping_status":"closed","sticky":false,"template":"","format":"standard","meta":{"amp_status":"","footnotes":""},"categories":[121],"tags":[52411,68457,59520,65555,68456,68463,1886,247,68461,68462,7363,65554,60056,68458,1774,68464,68460,68459,32642,164,65289,65291,65288],"class_list":["post-74179","post","type-post","status-publish","format-standard","has-post-thumbnail","hentry","category-leste","tag-abastecimento-de-agua-em-governador-valadares","tag-agua-distribuida-em-governador-valadares","tag-bento-rodrigues","tag-contaminacao-do-rio-doce","tag-crise-hidrica-governador-valadares","tag-desconfianca-sobre-qualidade-da-agua-muda-rotina-em-governador-valadares","tag-elisa-costa","tag-governador-valadares","tag-hotel-panorama","tag-hotel-realminas","tag-mariana","tag-poluicao-do-rio-doce","tag-prefeita-de-governador-valadares","tag-qualidade-da-agua-disbribuida-pelo-saae-em-governador-valadares","tag-rio-doce","tag-rio-doce-governador-valadares-lama","tag-rochelli-goulart-ramos","tag-rodolfo-zulske","tag-samarco","tag-teofilo-otoni","tag-tragedia-bento-rodrigues","tag-tragedia-mariana","tag-tragedia-samarco"],"_links":{"self":[{"href":"https:\/\/aconteceunovale.com.br\/portal\/index.php?rest_route=\/wp\/v2\/posts\/74179","targetHints":{"allow":["GET"]}}],"collection":[{"href":"https:\/\/aconteceunovale.com.br\/portal\/index.php?rest_route=\/wp\/v2\/posts"}],"about":[{"href":"https:\/\/aconteceunovale.com.br\/portal\/index.php?rest_route=\/wp\/v2\/types\/post"}],"author":[{"embeddable":true,"href":"https:\/\/aconteceunovale.com.br\/portal\/index.php?rest_route=\/wp\/v2\/users\/1"}],"replies":[{"embeddable":true,"href":"https:\/\/aconteceunovale.com.br\/portal\/index.php?rest_route=%2Fwp%2Fv2%2Fcomments&post=74179"}],"version-history":[{"count":0,"href":"https:\/\/aconteceunovale.com.br\/portal\/index.php?rest_route=\/wp\/v2\/posts\/74179\/revisions"}],"wp:featuredmedia":[{"embeddable":true,"href":"https:\/\/aconteceunovale.com.br\/portal\/index.php?rest_route=\/wp\/v2\/media\/73556"}],"wp:attachment":[{"href":"https:\/\/aconteceunovale.com.br\/portal\/index.php?rest_route=%2Fwp%2Fv2%2Fmedia&parent=74179"}],"wp:term":[{"taxonomy":"category","embeddable":true,"href":"https:\/\/aconteceunovale.com.br\/portal\/index.php?rest_route=%2Fwp%2Fv2%2Fcategories&post=74179"},{"taxonomy":"post_tag","embeddable":true,"href":"https:\/\/aconteceunovale.com.br\/portal\/index.php?rest_route=%2Fwp%2Fv2%2Ftags&post=74179"}],"curies":[{"name":"wp","href":"https:\/\/api.w.org\/{rel}","templated":true}]}}