{"id":73983,"date":"2015-12-03T15:36:14","date_gmt":"2015-12-03T18:36:14","guid":{"rendered":"http:\/\/aconteceunovale.com.br\/portal\/?p=73983"},"modified":"2015-12-03T15:36:14","modified_gmt":"2015-12-03T18:36:14","slug":"empresas-tem-ate-o-dia-31-de-dezembro-para-evitar-cancelamento-administrativo-alerta-jucemg","status":"publish","type":"post","link":"https:\/\/aconteceunovale.com.br\/portal\/?p=73983","title":{"rendered":"Empresas t\u00eam at\u00e9 o dia 31 de dezembro para evitar Cancelamento Administrativo, alerta Jucemg"},"content":{"rendered":"<p>At\u00e9 in\u00edcio de dezembro, somente 1.972 empresas arquivaram documento na Junta Comercial de Minas Gerais, a fim de evitar o Cancelamento Administrativo de 2015.  O prazo para as empresas se movimentarem termina em 31\/12, conforme o edital de notifica\u00e7\u00e3o publicado desde julho pela Jucemg. Ao todo, 38.583 empreendimentos est\u00e3o sujeitos atualmente a serem cancelados administrativamente. <\/p>\n<p>Caso n\u00e3o atendam ao chamamento p\u00fablico, as empresas poder\u00e3o ser declaradas inativas pela Receita Estadual, como ocorreu ano passado, quando mais de tr\u00eas mil neg\u00f3cios tiveram que solicitar a reativa\u00e7\u00e3o para permanecer ativos perante aos \u00f3rg\u00e3os p\u00fablicos. O cancelamento ocorre quando a empresa n\u00e3o arquivar qualquer documento na Jucemg nos \u00faltimos dez anos consecutivos, desde janeiro de 2005.<\/p>\n<p>O respons\u00e1vel deve comunicar \u00e0 Jucemg, dentro do prazo estipulado, que deseja mant\u00ea-la em funcionamento, ou informar a paralisa\u00e7\u00e3o tempor\u00e1ria de suas atividades, ou ainda arquivar altera\u00e7\u00f5es contratuais ocorridas na ultima d\u00e9cada. <\/p>\n<p>Em 2014, 32.076 empresas foram canceladas administrativamente. Est\u00e3o sujeitas ao Cancelamento Administrativo anual as sociedades empres\u00e1rias, os empres\u00e1rios e as cooperativas. A medida \u00e9 feita com base nas disposi\u00e7\u00f5es do artigo 60 da Lei Federal 8.934\/1994, nos artigos 32, inciso II, al\u00ednea \u201ch\u201d Decreto Federal 1.800 de 30\/01\/1996, e ainda no art. 1\u00ba da Instru\u00e7\u00e3o Normativa DREI N\u00ba 5 de 5 de dezembro de 2013.<\/p>\n","protected":false},"excerpt":{"rendered":"<p>At\u00e9 in\u00edcio de dezembro, somente 1.972 empresas arquivaram documento na Junta Comercial de Minas Gerais, a fim de evitar o Cancelamento Administrativo de 2015. O prazo para as empresas se movimentarem termina em 31\/12, conforme o edital de notifica\u00e7\u00e3o publicado desde julho pela Jucemg. Ao todo, 38.583 empreendimentos est\u00e3o sujeitos atualmente a serem cancelados administrativamente. [&hellip;]<\/p>\n","protected":false},"author":1,"featured_media":73984,"comment_status":"open","ping_status":"closed","sticky":false,"template":"","format":"standard","meta":{"amp_status":"","footnotes":""},"categories":[123],"tags":[68125,68126,50461,50459,68124,32411,1032],"class_list":["post-73983","post","type-post","status-publish","format-standard","has-post-thumbnail","hentry","category-gerais","tag-alerta-jucemg","tag-alerta-junta-comercial-de-minas-gerais","tag-cancelamento-administrativo","tag-cancelamento-administrativo-jucemg","tag-empresas-tem-ate-o-dia-31-de-dezembro-para-evitar-cancelamento-administrativo","tag-jucemg","tag-junta-comercial-de-minas-gerais"],"_links":{"self":[{"href":"https:\/\/aconteceunovale.com.br\/portal\/index.php?rest_route=\/wp\/v2\/posts\/73983","targetHints":{"allow":["GET"]}}],"collection":[{"href":"https:\/\/aconteceunovale.com.br\/portal\/index.php?rest_route=\/wp\/v2\/posts"}],"about":[{"href":"https:\/\/aconteceunovale.com.br\/portal\/index.php?rest_route=\/wp\/v2\/types\/post"}],"author":[{"embeddable":true,"href":"https:\/\/aconteceunovale.com.br\/portal\/index.php?rest_route=\/wp\/v2\/users\/1"}],"replies":[{"embeddable":true,"href":"https:\/\/aconteceunovale.com.br\/portal\/index.php?rest_route=%2Fwp%2Fv2%2Fcomments&post=73983"}],"version-history":[{"count":0,"href":"https:\/\/aconteceunovale.com.br\/portal\/index.php?rest_route=\/wp\/v2\/posts\/73983\/revisions"}],"wp:featuredmedia":[{"embeddable":true,"href":"https:\/\/aconteceunovale.com.br\/portal\/index.php?rest_route=\/wp\/v2\/media\/73984"}],"wp:attachment":[{"href":"https:\/\/aconteceunovale.com.br\/portal\/index.php?rest_route=%2Fwp%2Fv2%2Fmedia&parent=73983"}],"wp:term":[{"taxonomy":"category","embeddable":true,"href":"https:\/\/aconteceunovale.com.br\/portal\/index.php?rest_route=%2Fwp%2Fv2%2Fcategories&post=73983"},{"taxonomy":"post_tag","embeddable":true,"href":"https:\/\/aconteceunovale.com.br\/portal\/index.php?rest_route=%2Fwp%2Fv2%2Ftags&post=73983"}],"curies":[{"name":"wp","href":"https:\/\/api.w.org\/{rel}","templated":true}]}}