{"id":73972,"date":"2015-12-03T14:18:00","date_gmt":"2015-12-03T17:18:00","guid":{"rendered":"http:\/\/aconteceunovale.com.br\/portal\/?p=73972"},"modified":"2015-12-03T14:18:00","modified_gmt":"2015-12-03T17:18:00","slug":"taxista-morre-em-acidente-na-estrada-entre-joaima-e-jequitinhonha","status":"publish","type":"post","link":"https:\/\/aconteceunovale.com.br\/portal\/?p=73972","title":{"rendered":"Taxista morre em acidente na estrada entre Joa\u00edma e Jequitinhonha"},"content":{"rendered":"<p>Um taxista morreu em um acidente na tarde dessa quarta-feira, 2 de dezembro, na MG-105, entre Jequitinhonha e Joa\u00edma, na regi\u00e3o do Vale do Jequitinhonha. Adilson Pereira de Oliveira, conhecido como Dudu Taxista, conduzia o ve\u00edculo Gol, placa HGG-1196, quando perdeu o controle da dire\u00e7\u00e3o e capotou na altura do quil\u00f4metro 69.<\/p>\n<p>De acordo com relato da passageira, M.F.S, o taxista estaria mexendo no som do carro, quando ocorreu o acidente. A mulher estava com cinto de seguran\u00e7a e sofreu apenas ferimentos leves. Ela foi socorrida por uma equipe do Servi\u00e7o de Atendimento M\u00f3vel de Urg\u00eancia (SAMU).<\/p>\n<p>Adilson Pereira foi arremessado para fora do ve\u00edculo e veio a \u00f3bito no local devido \u00e0 gravidade dos ferimentos. O corpo foi encaminhado para o Instituto M\u00e9dico Legal (IML) em Almenara.<\/p>\n<p><img decoding=\"async\" src=\"http:\/\/aconteceunovale.com.br\/portal\/wp-content\/uploads\/2015\/12\/acidente_taxista_joaima_1.jpg\" alt=\"\" \/><\/p>\n<p><img decoding=\"async\" src=\"http:\/\/aconteceunovale.com.br\/portal\/wp-content\/uploads\/2015\/12\/acidente_taxista_joaima_2.jpg\" alt=\"\" \/><\/p>\n<p><img decoding=\"async\" src=\"http:\/\/aconteceunovale.com.br\/portal\/wp-content\/uploads\/2015\/12\/acidente_taxista_joaima_3.jpg\" alt=\"\" \/><\/p>\n<p><img decoding=\"async\" src=\"http:\/\/aconteceunovale.com.br\/portal\/wp-content\/uploads\/2015\/12\/acidente_taxista_joaima_4.jpg\" alt=\"\" \/><\/p>\n<p><img decoding=\"async\" src=\"http:\/\/aconteceunovale.com.br\/portal\/wp-content\/uploads\/2015\/12\/acidente_taxista_joaima_5.jpg\" alt=\"\" \/><em>(Fotos: Di\u00e1rio do Jequi)<\/em><\/p>\n","protected":false},"excerpt":{"rendered":"<p>Um taxista morreu em um acidente na tarde dessa quarta-feira, 2 de dezembro, na MG-105, entre Jequitinhonha e Joa\u00edma, na regi\u00e3o do Vale do Jequitinhonha. Adilson Pereira de Oliveira, conhecido como Dudu Taxista, conduzia o ve\u00edculo Gol, placa HGG-1196, quando perdeu o controle da dire\u00e7\u00e3o e capotou na altura do quil\u00f4metro 69. De acordo com [&hellip;]<\/p>\n","protected":false},"author":1,"featured_media":73973,"comment_status":"open","ping_status":"closed","sticky":false,"template":"","format":"standard","meta":{"amp_status":"","footnotes":""},"categories":[120],"tags":[68115,68111,68108,68110,68107,68112,40175,68113,142,68114,34252,611,68109,68116],"class_list":["post-73972","post","type-post","status-publish","format-standard","has-post-thumbnail","hentry","category-jequi","tag-acidente-com-dudu-taxista","tag-acidente-com-taxista-de-joaima","tag-acidente-com-taxista-entre-jequitinhonha-e-joaima","tag-acidente-com-taxista-na-mg-105","tag-acidente-entre-jequitinhonha-e-joaima","tag-acidente-joaima","tag-acidente-na-mg-105","tag-adilson-pereira-de-oliveira","tag-almenara","tag-dudu-taxista","tag-jequitinhonha","tag-joaima","tag-mg-105","tag-taxista-morre-em-acidente-na-estrada-entre-joaima-e-jequitinhonha"],"_links":{"self":[{"href":"https:\/\/aconteceunovale.com.br\/portal\/index.php?rest_route=\/wp\/v2\/posts\/73972","targetHints":{"allow":["GET"]}}],"collection":[{"href":"https:\/\/aconteceunovale.com.br\/portal\/index.php?rest_route=\/wp\/v2\/posts"}],"about":[{"href":"https:\/\/aconteceunovale.com.br\/portal\/index.php?rest_route=\/wp\/v2\/types\/post"}],"author":[{"embeddable":true,"href":"https:\/\/aconteceunovale.com.br\/portal\/index.php?rest_route=\/wp\/v2\/users\/1"}],"replies":[{"embeddable":true,"href":"https:\/\/aconteceunovale.com.br\/portal\/index.php?rest_route=%2Fwp%2Fv2%2Fcomments&post=73972"}],"version-history":[{"count":0,"href":"https:\/\/aconteceunovale.com.br\/portal\/index.php?rest_route=\/wp\/v2\/posts\/73972\/revisions"}],"wp:featuredmedia":[{"embeddable":true,"href":"https:\/\/aconteceunovale.com.br\/portal\/index.php?rest_route=\/wp\/v2\/media\/73973"}],"wp:attachment":[{"href":"https:\/\/aconteceunovale.com.br\/portal\/index.php?rest_route=%2Fwp%2Fv2%2Fmedia&parent=73972"}],"wp:term":[{"taxonomy":"category","embeddable":true,"href":"https:\/\/aconteceunovale.com.br\/portal\/index.php?rest_route=%2Fwp%2Fv2%2Fcategories&post=73972"},{"taxonomy":"post_tag","embeddable":true,"href":"https:\/\/aconteceunovale.com.br\/portal\/index.php?rest_route=%2Fwp%2Fv2%2Ftags&post=73972"}],"curies":[{"name":"wp","href":"https:\/\/api.w.org\/{rel}","templated":true}]}}