{"id":73525,"date":"2015-11-25T07:33:05","date_gmt":"2015-11-25T10:33:05","guid":{"rendered":"http:\/\/aconteceunovale.com.br\/portal\/?p=73525"},"modified":"2015-11-25T07:33:05","modified_gmt":"2015-11-25T10:33:05","slug":"plantao-do-samu-no-norte-de-minas-gerais-24-de-novembro-de-2015","status":"publish","type":"post","link":"https:\/\/aconteceunovale.com.br\/portal\/?p=73525","title":{"rendered":"Plant\u00e3o do Samu no Norte de Minas Gerais, 24 de novembro de 2015"},"content":{"rendered":"<h4><strong><em>Ter\u00e7a-feira, 24 de novembro de 2015<\/em><\/strong><\/h4>\n<p>As unidades do SAMU realizaram em Montes Claros, na ter\u00e7a-feira, 47 atendimentos, sendo 42 casos cl\u00ednicos; 04 pessoas feridas em acidente de tr\u00e2nsito; e um homem ferido por arma de fogo.<\/p>\n<p>\u00c0s 17h40, a unidade do SAMU foi acionada para atendimento a uma v\u00edtima de uma colis\u00e3o entre \u00f4nibus e motocicleta ocorrida na Vila Exposi\u00e7\u00e3o.  O condutor da moto, de 26 anos, estava consciente e orientado, e sofreu ferimentos na face, com perda de dentes, fratura exposta da perna esquerda.<\/p>\n<p>Por volta das 13h, a unidade do SAMU foi acionada para atendimento a um homem ferido por arma de fogo no bairro Independ\u00eancia. Jos\u00e9 dos Reis Barbosa, de 41 anos, foi ferido nas costas e n\u00e3o resistiu aos ferimentos, indo a \u00f3bito no local.<\/p>\n<p>Duas pessoas ficaram feridas em um acidente envolvendo um pedestre e uma moto ocorrida por volta das 12h30, na Avenida Jo\u00e3o XXIII, no centro da cidade. Uma mulher de 19 anos foi atingida pela moto e sofreu ferimentos nas pernas, sem suspeita de fratura. Outra mulher, de 24 anos, que estava na garupa da moto, sofreu queimadura na perna direita.<\/p>\n<p>\u00c0s 11h, um homem de 50 anos ficou ferido ao colidir de moto contra um carro, no bairro Todos os Santos.<\/p>\n<p>Em todas as ocorr\u00eancias os feridos receberam os primeiros atendimentos no local e foram encaminhados ao hospital para exames e avalia\u00e7\u00e3o. (Jer\u00fasia Arruda)<\/p>\n","protected":false},"excerpt":{"rendered":"<p>Ter\u00e7a-feira, 24 de novembro de 2015 As unidades do SAMU realizaram em Montes Claros, na ter\u00e7a-feira, 47 atendimentos, sendo 42 casos cl\u00ednicos; 04 pessoas feridas em acidente de tr\u00e2nsito; e um homem ferido por arma de fogo. \u00c0s 17h40, a unidade do SAMU foi acionada para atendimento a uma v\u00edtima de uma colis\u00e3o entre \u00f4nibus [&hellip;]<\/p>\n","protected":false},"author":1,"featured_media":56029,"comment_status":"open","ping_status":"closed","sticky":false,"template":"","format":"standard","meta":{"amp_status":"","footnotes":""},"categories":[1236],"tags":[67235,206036,210,24659,24089,18898,18108,67236,18629,21139,4040],"class_list":["post-73525","post","type-post","status-publish","format-standard","has-post-thumbnail","hentry","category-norte_de_minas","tag-24-de-novembro-de-2015","tag-jerusia-arruda","tag-montes-claros","tag-plantao-do-samu-de-montes-claros","tag-plantao-do-samu-do-norte-de-minas","tag-plantao-do-samu-macro-norte","tag-plantao-do-samu-no-norte-de-minas-gerais","tag-plantao-do-samu-no-norte-de-minas-gerais-24-de-novembro-de-2015","tag-samu-de-montes-claros","tag-samu-do-norte-de-minas","tag-samu-macro-norte"],"_links":{"self":[{"href":"https:\/\/aconteceunovale.com.br\/portal\/index.php?rest_route=\/wp\/v2\/posts\/73525","targetHints":{"allow":["GET"]}}],"collection":[{"href":"https:\/\/aconteceunovale.com.br\/portal\/index.php?rest_route=\/wp\/v2\/posts"}],"about":[{"href":"https:\/\/aconteceunovale.com.br\/portal\/index.php?rest_route=\/wp\/v2\/types\/post"}],"author":[{"embeddable":true,"href":"https:\/\/aconteceunovale.com.br\/portal\/index.php?rest_route=\/wp\/v2\/users\/1"}],"replies":[{"embeddable":true,"href":"https:\/\/aconteceunovale.com.br\/portal\/index.php?rest_route=%2Fwp%2Fv2%2Fcomments&post=73525"}],"version-history":[{"count":0,"href":"https:\/\/aconteceunovale.com.br\/portal\/index.php?rest_route=\/wp\/v2\/posts\/73525\/revisions"}],"wp:featuredmedia":[{"embeddable":true,"href":"https:\/\/aconteceunovale.com.br\/portal\/index.php?rest_route=\/wp\/v2\/media\/56029"}],"wp:attachment":[{"href":"https:\/\/aconteceunovale.com.br\/portal\/index.php?rest_route=%2Fwp%2Fv2%2Fmedia&parent=73525"}],"wp:term":[{"taxonomy":"category","embeddable":true,"href":"https:\/\/aconteceunovale.com.br\/portal\/index.php?rest_route=%2Fwp%2Fv2%2Fcategories&post=73525"},{"taxonomy":"post_tag","embeddable":true,"href":"https:\/\/aconteceunovale.com.br\/portal\/index.php?rest_route=%2Fwp%2Fv2%2Ftags&post=73525"}],"curies":[{"name":"wp","href":"https:\/\/api.w.org\/{rel}","templated":true}]}}