{"id":73523,"date":"2015-11-25T07:28:20","date_gmt":"2015-11-25T10:28:20","guid":{"rendered":"http:\/\/aconteceunovale.com.br\/portal\/?p=73523"},"modified":"2015-11-25T07:28:20","modified_gmt":"2015-11-25T10:28:20","slug":"previsao-do-tempo-para-minas-gerais-nesta-quarta-feira-25-de-novembro","status":"publish","type":"post","link":"https:\/\/aconteceunovale.com.br\/portal\/?p=73523","title":{"rendered":"Previs\u00e3o do tempo para Minas Gerais, nesta quarta-feira, 25 de novembro"},"content":{"rendered":"<h4><strong><em>Previs\u00e3o do tempo para Minas Gerais, nesta quarta-feira, 25 de novembro. C\u00e9u encoberto a nublado, com pancadas de chuva e trovoadas em boa parte do estado. Na capital, temperatura m\u00e1xima chega a 27 graus.<\/em><\/strong><\/h4>\n<p>Nesta quarta-feira (25\/11), o comportamento atmosf\u00e9rico de instabilidade permanece sobre o Sudeste do pa\u00eds, por causa da intensifica\u00e7\u00e3o de \u00e1reas de instabilidade atmosf\u00e9ricas.<\/p>\n<p>No estado de Minas Gerais, o tempo fica encoberto, com pancadas de chuva e trovoadas isoladas nas regi\u00f5es Central, Tri\u00e2ngulo Mineiro, Campo das Vertentes, Sul e Zona da Mata. Nas demais regi\u00f5es mineiras, o dia ser\u00e1 de c\u00e9u nublado, com pancadas de chuva e trovoadas isoladas.<\/p>\n<p>Na Regi\u00e3o Metropolitana de Belo Horizonte, o tempo deve ficar nublado, com pancadas de chuva isoladas acompanhadas de raios. Na capital mineira, h\u00e1 previs\u00e3o de chuva isolada. A temperatura m\u00ednima registrada foi de 18\u00b0C, a m\u00e1xima prevista \u00e9 de 27\u00b0C e a umidade do ar m\u00ednima em torno dos 65% \u00e0 tarde.<\/p>\n","protected":false},"excerpt":{"rendered":"<p>Previs\u00e3o do tempo para Minas Gerais, nesta quarta-feira, 25 de novembro. C\u00e9u encoberto a nublado, com pancadas de chuva e trovoadas em boa parte do estado. Na capital, temperatura m\u00e1xima chega a 27 graus. Nesta quarta-feira (25\/11), o comportamento atmosf\u00e9rico de instabilidade permanece sobre o Sudeste do pa\u00eds, por causa da intensifica\u00e7\u00e3o de \u00e1reas de [&hellip;]<\/p>\n","protected":false},"author":1,"featured_media":51728,"comment_status":"open","ping_status":"closed","sticky":false,"template":"","format":"standard","meta":{"amp_status":"","footnotes":""},"categories":[123],"tags":[67231,47774,67232,1956,1839,67233,29094,67234],"class_list":["post-73523","post","type-post","status-publish","format-standard","has-post-thumbnail","hentry","category-gerais","tag-25-de-novembro","tag-nesta-quarta-feira","tag-nesta-quarta-feira-25-de-novembro","tag-previsao-do-tempo","tag-previsao-do-tempo-para-minas-gerais","tag-previsao-do-tempo-para-minas-gerais-25-de-novembro","tag-previsao-do-tempo-para-minas-gerais-nesta-quarta-feira","tag-previsao-do-tempo-para-minas-gerais-nesta-quarta-feira-25-de-novembro"],"_links":{"self":[{"href":"https:\/\/aconteceunovale.com.br\/portal\/index.php?rest_route=\/wp\/v2\/posts\/73523","targetHints":{"allow":["GET"]}}],"collection":[{"href":"https:\/\/aconteceunovale.com.br\/portal\/index.php?rest_route=\/wp\/v2\/posts"}],"about":[{"href":"https:\/\/aconteceunovale.com.br\/portal\/index.php?rest_route=\/wp\/v2\/types\/post"}],"author":[{"embeddable":true,"href":"https:\/\/aconteceunovale.com.br\/portal\/index.php?rest_route=\/wp\/v2\/users\/1"}],"replies":[{"embeddable":true,"href":"https:\/\/aconteceunovale.com.br\/portal\/index.php?rest_route=%2Fwp%2Fv2%2Fcomments&post=73523"}],"version-history":[{"count":0,"href":"https:\/\/aconteceunovale.com.br\/portal\/index.php?rest_route=\/wp\/v2\/posts\/73523\/revisions"}],"wp:featuredmedia":[{"embeddable":true,"href":"https:\/\/aconteceunovale.com.br\/portal\/index.php?rest_route=\/wp\/v2\/media\/51728"}],"wp:attachment":[{"href":"https:\/\/aconteceunovale.com.br\/portal\/index.php?rest_route=%2Fwp%2Fv2%2Fmedia&parent=73523"}],"wp:term":[{"taxonomy":"category","embeddable":true,"href":"https:\/\/aconteceunovale.com.br\/portal\/index.php?rest_route=%2Fwp%2Fv2%2Fcategories&post=73523"},{"taxonomy":"post_tag","embeddable":true,"href":"https:\/\/aconteceunovale.com.br\/portal\/index.php?rest_route=%2Fwp%2Fv2%2Ftags&post=73523"}],"curies":[{"name":"wp","href":"https:\/\/api.w.org\/{rel}","templated":true}]}}