{"id":73519,"date":"2015-11-24T22:37:31","date_gmt":"2015-11-25T01:37:31","guid":{"rendered":"http:\/\/aconteceunovale.com.br\/portal\/?p=73519"},"modified":"2015-11-24T22:37:31","modified_gmt":"2015-11-25T01:37:31","slug":"falso-milionario-de-governador-valadares-e-preso-acusado-de-furto-em-bh","status":"publish","type":"post","link":"https:\/\/aconteceunovale.com.br\/portal\/?p=73519","title":{"rendered":"Falso milion\u00e1rio de Governador Valadares \u00e9 preso acusado de furto em BH"},"content":{"rendered":"<p>Policiais da 5\u00aa Delegacia Especializada em Repress\u00e3o \u00e0s Organiza\u00e7\u00f5es Criminosas (Deroc), do Departamento Estadual de Opera\u00e7\u00f5es Especiais (Deoesp), prenderam, na \u00faltima ter\u00e7a-feira (17\/11), J\u00falio C\u00e9sar da Silva, de 39 anos, suspeito de cometer diversos furtos se passando por milion\u00e1rio. Ele era considerado foragido da Justi\u00e7a e contava com tr\u00eas mandados de pris\u00e3o em aberto.<\/p>\n<p>De acordo com as investiga\u00e7\u00f5es, J\u00falio C\u00e9sar entrava em contato com diversas imobili\u00e1rias com a falsa promessa de adquirir im\u00f3veis de alto padr\u00e3o e, durante as visitas, furtava j\u00f3ias sem que as v\u00edtimas notassem. \u201cEle se apresentava como empres\u00e1rio de Governador Valadares, detentor de helic\u00f3ptero e bens de luxo, por\u00e9m, em dado momento, se aproveitava do descuido das v\u00edtimas e subtra\u00eda joias sem que ningu\u00e9m notasse\u201d, informou o delegado respons\u00e1vel pelas investiga\u00e7\u00f5es, Daniel Balthazar.<\/p>\n<p>Ainda segundo Balthazar, dois propriet\u00e1rios de im\u00f3veis localizados no bairro Luxemburgo, em Belo Horizonte, tiveram um preju\u00edzo de mais de R$50 mil provocados pelas a\u00e7\u00f5es de J\u00falio C\u00e9sar. Por meio da an\u00e1lise do circuito interno de seguran\u00e7a de um dos pr\u00e9dios, a pol\u00edcia conseguiu identificar a autoria dos furtos.<\/p>\n<p>Na delegacia, o suspeito confessou os crimes e, posteriormente, foi encaminhado ao Pres\u00eddio Inspetor Jos\u00e9 Martinho Drumond, em Ribeir\u00e3o das Neves, onde se encontra \u00e0 disposi\u00e7\u00e3o da Justi\u00e7a.<\/p>\n<p><img decoding=\"async\" src=\"http:\/\/aconteceunovale.com.br\/portal\/wp-content\/uploads\/2015\/11\/falso_milionario_gv.jpg\" alt=\"\" \/><em>O falso milion\u00e1rio de Governador Valadares foi identificado nas imagens do circuito interno de uma das casas que roubou &#8211; Foto: Divulga\u00e7\u00e3o \/ Pol\u00edcia Civil de Minas Gerais<\/em><br \/>\n<\/br><\/p>\n<p><em>(Fonte: Pol\u00edcia Civil de Minas Gerais)<\/em><\/p>\n","protected":false},"excerpt":{"rendered":"<p>Policiais da 5\u00aa Delegacia Especializada em Repress\u00e3o \u00e0s Organiza\u00e7\u00f5es Criminosas (Deroc), do Departamento Estadual de Opera\u00e7\u00f5es Especiais (Deoesp), prenderam, na \u00faltima ter\u00e7a-feira (17\/11), J\u00falio C\u00e9sar da Silva, de 39 anos, suspeito de cometer diversos furtos se passando por milion\u00e1rio. Ele era considerado foragido da Justi\u00e7a e contava com tr\u00eas mandados de pris\u00e3o em aberto. De [&hellip;]<\/p>\n","protected":false},"author":1,"featured_media":73520,"comment_status":"open","ping_status":"closed","sticky":false,"template":"","format":"standard","meta":{"amp_status":"","footnotes":""},"categories":[121],"tags":[67226,194,67228,67227,67230,67229,247,67225,28783],"class_list":["post-73519","post","type-post","status-publish","format-standard","has-post-thumbnail","hentry","category-leste","tag-5a-delegacia-especializada-em-repressao-as-organizacoes-criminosas","tag-belo-horizonte","tag-daniel-balthazar","tag-deroc","tag-falso-milionario-de-governador-valadares-e-preso-acusado-de-furto-em-bh","tag-falso-milionario-de-governador-valadares-e-preso-em-bh","tag-governador-valadares","tag-homem-que-se-passava-por-milionario-de-governador-valadares-para-roubar-e-preso-em-bh","tag-julio-cesar-da-silva"],"_links":{"self":[{"href":"https:\/\/aconteceunovale.com.br\/portal\/index.php?rest_route=\/wp\/v2\/posts\/73519","targetHints":{"allow":["GET"]}}],"collection":[{"href":"https:\/\/aconteceunovale.com.br\/portal\/index.php?rest_route=\/wp\/v2\/posts"}],"about":[{"href":"https:\/\/aconteceunovale.com.br\/portal\/index.php?rest_route=\/wp\/v2\/types\/post"}],"author":[{"embeddable":true,"href":"https:\/\/aconteceunovale.com.br\/portal\/index.php?rest_route=\/wp\/v2\/users\/1"}],"replies":[{"embeddable":true,"href":"https:\/\/aconteceunovale.com.br\/portal\/index.php?rest_route=%2Fwp%2Fv2%2Fcomments&post=73519"}],"version-history":[{"count":0,"href":"https:\/\/aconteceunovale.com.br\/portal\/index.php?rest_route=\/wp\/v2\/posts\/73519\/revisions"}],"wp:featuredmedia":[{"embeddable":true,"href":"https:\/\/aconteceunovale.com.br\/portal\/index.php?rest_route=\/wp\/v2\/media\/73520"}],"wp:attachment":[{"href":"https:\/\/aconteceunovale.com.br\/portal\/index.php?rest_route=%2Fwp%2Fv2%2Fmedia&parent=73519"}],"wp:term":[{"taxonomy":"category","embeddable":true,"href":"https:\/\/aconteceunovale.com.br\/portal\/index.php?rest_route=%2Fwp%2Fv2%2Fcategories&post=73519"},{"taxonomy":"post_tag","embeddable":true,"href":"https:\/\/aconteceunovale.com.br\/portal\/index.php?rest_route=%2Fwp%2Fv2%2Ftags&post=73519"}],"curies":[{"name":"wp","href":"https:\/\/api.w.org\/{rel}","templated":true}]}}