{"id":73509,"date":"2015-11-24T17:56:07","date_gmt":"2015-11-24T20:56:07","guid":{"rendered":"http:\/\/aconteceunovale.com.br\/portal\/?p=73509"},"modified":"2015-11-24T17:56:07","modified_gmt":"2015-11-24T20:56:07","slug":"policia-militar-de-montes-claros-vai-leiloar-140-viaturas-consideradas-inserviveis","status":"publish","type":"post","link":"https:\/\/aconteceunovale.com.br\/portal\/?p=73509","title":{"rendered":"Pol\u00edcia Militar de Montes Claros vai leiloar 140 viaturas consideradas inserv\u00edveis"},"content":{"rendered":"<p>Ser\u00e3o leiloadas em Montes Claros, Regi\u00e3o Norte de Minas Gerais, cerca de 140 viaturas que viraram sucata ou que n\u00e3o s\u00e3o mais utilizadas para o trabalho de seguran\u00e7a p\u00fablica. De acordo com a Pol\u00edcia Militar, o leil\u00e3o \u00e9 a modalidade de licita\u00e7\u00e3o que consiste na venda de bens m\u00f3veis considerados inserv\u00edveis para a administra\u00e7\u00e3o a quem oferecer o maior lance, igual ou superior ao valor da avalia\u00e7\u00e3o.<\/p>\n<p>O processo de leil\u00e3o, desde sua prepara\u00e7\u00e3o at\u00e9 seu fechamento com a presta\u00e7\u00e3o de contas, \u00e9 realizado pela Comiss\u00e3o de Licita\u00e7\u00e3o Regional da 11\u00aa RPM e pela Secretaria de Estado de Planejamento e Gest\u00e3o de Minas Gerais (Seplag).<\/p>\n<p>A data para visita\u00e7\u00e3o dos lotes, no p\u00e1tio interno do 10\u00ba BPM, ocorrer\u00e1 em 1\u00b0 de dezembro, das 8h30 \u00e0s 12h e de 14h \u00e0s 17h. A Se\u00e7\u00e3o de Leil\u00e3o ocorrer\u00e1 nas depend\u00eancias do 10\u00ba BPM, Av. Deputado Pl\u00ednio Ribeiro, 2.810, Bairro Cintra, Montes Claros, no pr\u00f3ximo dia 2, quarta-feira.<\/p>\n<p><strong>Programa\u00e7\u00e3o:<\/strong><\/p>\n<p>&#8211; 8h \u00e0s 10h: Credenciamento dos participantes;<br \/>\n&#8211; 10h \u00e0s 13h: Certame\/leil\u00e3o;<br \/>\n&#8211; 14h \u00e0s 17h: Emiss\u00e3o da Nota de Arremata\u00e7\u00e3o e Documento de Libera\u00e7\u00e3o do Lote. A retirada dos ve\u00edculos ocorrer\u00e1 nos dias 03, 04, 05 e 07 de dezembro do ano em curso, no hor\u00e1rio compreendido das 8h \u00e0s 12h e das 13h \u00e0s 17h. <strong><a href=\"http:\/\/www.planejamento.mg.gov.br\/leiloes\" target=\"_blank\">Leia sobre o Edital<\/a><\/strong>.<\/p>\n<p><em>(Fonte: Estado de Minas)<\/em><\/p>\n","protected":false},"excerpt":{"rendered":"<p>Ser\u00e3o leiloadas em Montes Claros, Regi\u00e3o Norte de Minas Gerais, cerca de 140 viaturas que viraram sucata ou que n\u00e3o s\u00e3o mais utilizadas para o trabalho de seguran\u00e7a p\u00fablica. De acordo com a Pol\u00edcia Militar, o leil\u00e3o \u00e9 a modalidade de licita\u00e7\u00e3o que consiste na venda de bens m\u00f3veis considerados inserv\u00edveis para a administra\u00e7\u00e3o a [&hellip;]<\/p>\n","protected":false},"author":1,"featured_media":73510,"comment_status":"open","ping_status":"closed","sticky":false,"template":"","format":"standard","meta":{"amp_status":"","footnotes":""},"categories":[1236],"tags":[67201,67203,67202,67204,210,67205],"class_list":["post-73509","post","type-post","status-publish","format-standard","has-post-thumbnail","hentry","category-norte_de_minas","tag-leilao-de-viaturas","tag-leilao-de-viaturas-da-pmmg","tag-leilao-de-viaturas-da-policia-militar-de-minas-gerais","tag-leilao-de-viaturas-em-montes-claros","tag-montes-claros","tag-policia-militar-de-montes-claros-vai-leiloar-140-viaturas-consideradas-inserviveis"],"_links":{"self":[{"href":"https:\/\/aconteceunovale.com.br\/portal\/index.php?rest_route=\/wp\/v2\/posts\/73509","targetHints":{"allow":["GET"]}}],"collection":[{"href":"https:\/\/aconteceunovale.com.br\/portal\/index.php?rest_route=\/wp\/v2\/posts"}],"about":[{"href":"https:\/\/aconteceunovale.com.br\/portal\/index.php?rest_route=\/wp\/v2\/types\/post"}],"author":[{"embeddable":true,"href":"https:\/\/aconteceunovale.com.br\/portal\/index.php?rest_route=\/wp\/v2\/users\/1"}],"replies":[{"embeddable":true,"href":"https:\/\/aconteceunovale.com.br\/portal\/index.php?rest_route=%2Fwp%2Fv2%2Fcomments&post=73509"}],"version-history":[{"count":0,"href":"https:\/\/aconteceunovale.com.br\/portal\/index.php?rest_route=\/wp\/v2\/posts\/73509\/revisions"}],"wp:featuredmedia":[{"embeddable":true,"href":"https:\/\/aconteceunovale.com.br\/portal\/index.php?rest_route=\/wp\/v2\/media\/73510"}],"wp:attachment":[{"href":"https:\/\/aconteceunovale.com.br\/portal\/index.php?rest_route=%2Fwp%2Fv2%2Fmedia&parent=73509"}],"wp:term":[{"taxonomy":"category","embeddable":true,"href":"https:\/\/aconteceunovale.com.br\/portal\/index.php?rest_route=%2Fwp%2Fv2%2Fcategories&post=73509"},{"taxonomy":"post_tag","embeddable":true,"href":"https:\/\/aconteceunovale.com.br\/portal\/index.php?rest_route=%2Fwp%2Fv2%2Ftags&post=73509"}],"curies":[{"name":"wp","href":"https:\/\/api.w.org\/{rel}","templated":true}]}}