{"id":73500,"date":"2015-11-24T16:47:33","date_gmt":"2015-11-24T19:47:33","guid":{"rendered":"http:\/\/aconteceunovale.com.br\/portal\/?p=73500"},"modified":"2015-11-24T16:47:33","modified_gmt":"2015-11-24T19:47:33","slug":"ong-planta-sementes-para-recuperar-vegetacao-do-parque-estadual-da-lapa-grande","status":"publish","type":"post","link":"https:\/\/aconteceunovale.com.br\/portal\/?p=73500","title":{"rendered":"ONG planta sementes para recuperar vegeta\u00e7\u00e3o do Parque Estadual da Lapa Grande"},"content":{"rendered":"<p>Para recuperar a vegeta\u00e7\u00e3o e restaurar o ecossistema no Parque Estadual da Lapa Grande, em Montes Claros, no Norte de Minas, a ONG OVIVE vai plantar \u00e1rvores nativas do cerrado na \u00e1rea devastada pelo inc\u00eandio que durou uma semana.<\/p>\n<p>Em saquinhos de material biodegrad\u00e1vel, foram colocadas sementes de pelo menos 10 esp\u00e9cies diferentes coletadas pela ONG. Muitas vieram de diferentes cidades da regi\u00e3o, como Gr\u00e3o Mogol. O plantio come\u00e7a nesta semana.<\/p>\n<p>O ambientalista S\u00f3ter Magno, explica que em Montes Claros n\u00e3o houve casos de inc\u00eandios nessa propor\u00e7\u00e3o em \u00e1reas de preserva\u00e7\u00e3o ambiental. Por causa da destrui\u00e7\u00e3o da mata, muitos animais perdem o habitat natural ou morrem por n\u00e3o conseguir fugir a tempo.<\/p>\n<p>\u201cVamos lan\u00e7ar essas sementes com aeronaves e tamb\u00e9m manualmente nas \u00e1reas em que o fogo queimou. Nunca houve um inc\u00eandio igual, ent\u00e3o a perda da biodiversidade, dos exemplares vegetais da regi\u00e3o foi muito grande. A nossa inten\u00e7\u00e3o \u00e9 tentar fazer uma interven\u00e7\u00e3o humana para minimizar os impactos\u201d, explica S\u00f3ter.<\/p>\n<p><img decoding=\"async\" src=\"http:\/\/aconteceunovale.com.br\/portal\/wp-content\/uploads\/2015\/11\/parque_da_lapa_grande.jpg\" alt=\"\" \/><em>Fogo devastou grande \u00e1rea do Parque Estadual da Lapa Grande (Foto: Corpaer \/ Divulga\u00e7\u00e3o)<\/em><br \/>\n<\/br><\/p>\n<p>A ideia da ONG \u00e9 repetir uma a\u00e7\u00e3o feita em 2002. Naquela \u00e9poca, boa parte da Serra do Mel foi devastada pelo fogo. Hoje, mais de 10 anos depois, a vegeta\u00e7\u00e3o toda foi recuperada. \u201cN\u00f3s temos \u00e1rvores aqui na serra que foram plantadas em 2002 ou 2003, e de l\u00e1 para c\u00e1, j\u00e1 plantamos mais de 10 mil mudas de plantas nativas do cerrado na serra\u201d, conta S\u00f3ter.<\/p>\n<p>Em at\u00e9 10 anos o cen\u00e1rio atual ir\u00e1 mudar, o campo limpo, cheio de cinzas, vai dar lugar de novo ao verde, restaurando o que foi destru\u00eddo e devolvendo o lar a v\u00e1rias esp\u00e9cies animais. \u201cSe 10% dessas sementes que n\u00f3s lan\u00e7armos germinarem e sobreviverem, elas v\u00e3o ficar com aproximadamente quatro metros de altura em cinco anos j\u00e1 fazendo a cobertura vegetal da regi\u00e3o onde o fogo passou e fez a destrui\u00e7\u00e3o\u201d, explicou o ambientalista S\u00f3ter Magno.<\/p>\n<p>Um dos volunt\u00e1rios da ONG \u00e9 Victor Henrique Magno, ele est\u00e1 ajudando no preparo das &#8220;bombas de sementes&#8221;, e revela que \u00e9 a consci\u00eancia ambiental que fala mais alto nessa hora. \u201cAcho importante participarmos dessa a\u00e7\u00e3o, em um momento que a serra est\u00e1 precisando da nossa ajuda. Todos deveriam participar para ajudar na preserva\u00e7\u00e3o da nossa serra\u201d, finalizou Victor.<\/p>\n<p><strong>Entenda o caso<\/strong><\/p>\n<p>No dia 06 de novembro focos de inc\u00eandio atingiram o parque, e desde ent\u00e3o, cerca de 100 pessoas entre brigadistas, bombeiros e volunt\u00e1rios se revezavam para combater o fogo. As chamas s\u00f3 foram controladas sete dias depois, na quinta-feira (12).<\/p>\n<p>Dois homens foram detidos na tarde do mesmo dia suspeitos de serem os respons\u00e1veis pelo inc\u00eandio que destruiu parte do parquee, em Montes Claros. De acordo com a Pol\u00edcia Militar de Meio Ambiente, os dois homens, de 25 e 45 anos, foram contratados por um fazendeiro, de 83 anos.<\/p>\n<p><em>(Fonte: G1 Grande Minas \/ Inter TV)<\/em><\/p>\n","protected":false},"excerpt":{"rendered":"<p>Para recuperar a vegeta\u00e7\u00e3o e restaurar o ecossistema no Parque Estadual da Lapa Grande, em Montes Claros, no Norte de Minas, a ONG OVIVE vai plantar \u00e1rvores nativas do cerrado na \u00e1rea devastada pelo inc\u00eandio que durou uma semana. Em saquinhos de material biodegrad\u00e1vel, foram colocadas sementes de pelo menos 10 esp\u00e9cies diferentes coletadas pela [&hellip;]<\/p>\n","protected":false},"author":1,"featured_media":73501,"comment_status":"open","ping_status":"closed","sticky":false,"template":"","format":"standard","meta":{"amp_status":"","footnotes":""},"categories":[1236],"tags":[1153,210,67186,67187,67190,3255,67185,67184,67189,67188],"class_list":["post-73500","post","type-post","status-publish","format-standard","has-post-thumbnail","hentry","category-norte_de_minas","tag-grao-mogol","tag-montes-claros","tag-ong-ovive","tag-ong-ovive-vai-plantar-arvores-nativas-do-cerrado-no-parque-estadual-da-lapa-grande","tag-ong-planta-sementes-para-recuperar-vegetacao-do-parque-estadual-da-lapa-grande","tag-parque-estadual-da-lapa-grande","tag-plantacao-de-sementes-no-parque-estadual-da-lapa-grande","tag-recuperacao-do-parque-estadual-da-lapa-grande","tag-serra-do-mel","tag-soter-magno"],"_links":{"self":[{"href":"https:\/\/aconteceunovale.com.br\/portal\/index.php?rest_route=\/wp\/v2\/posts\/73500","targetHints":{"allow":["GET"]}}],"collection":[{"href":"https:\/\/aconteceunovale.com.br\/portal\/index.php?rest_route=\/wp\/v2\/posts"}],"about":[{"href":"https:\/\/aconteceunovale.com.br\/portal\/index.php?rest_route=\/wp\/v2\/types\/post"}],"author":[{"embeddable":true,"href":"https:\/\/aconteceunovale.com.br\/portal\/index.php?rest_route=\/wp\/v2\/users\/1"}],"replies":[{"embeddable":true,"href":"https:\/\/aconteceunovale.com.br\/portal\/index.php?rest_route=%2Fwp%2Fv2%2Fcomments&post=73500"}],"version-history":[{"count":0,"href":"https:\/\/aconteceunovale.com.br\/portal\/index.php?rest_route=\/wp\/v2\/posts\/73500\/revisions"}],"wp:featuredmedia":[{"embeddable":true,"href":"https:\/\/aconteceunovale.com.br\/portal\/index.php?rest_route=\/wp\/v2\/media\/73501"}],"wp:attachment":[{"href":"https:\/\/aconteceunovale.com.br\/portal\/index.php?rest_route=%2Fwp%2Fv2%2Fmedia&parent=73500"}],"wp:term":[{"taxonomy":"category","embeddable":true,"href":"https:\/\/aconteceunovale.com.br\/portal\/index.php?rest_route=%2Fwp%2Fv2%2Fcategories&post=73500"},{"taxonomy":"post_tag","embeddable":true,"href":"https:\/\/aconteceunovale.com.br\/portal\/index.php?rest_route=%2Fwp%2Fv2%2Ftags&post=73500"}],"curies":[{"name":"wp","href":"https:\/\/api.w.org\/{rel}","templated":true}]}}