{"id":73496,"date":"2015-11-24T16:39:40","date_gmt":"2015-11-24T19:39:40","guid":{"rendered":"http:\/\/aconteceunovale.com.br\/portal\/?p=73496"},"modified":"2015-11-24T16:39:40","modified_gmt":"2015-11-24T19:39:40","slug":"homem-morre-ao-tentar-evitar-que-enxurrada-levasse-moto-em-montes-claros","status":"publish","type":"post","link":"https:\/\/aconteceunovale.com.br\/portal\/?p=73496","title":{"rendered":"Homem morre ao tentar evitar que enxurrada levasse moto em Montes Claros"},"content":{"rendered":"<p>Um homem de 30 anos morreu no Bairro Ant\u00f4nio Pimenta, durante a forte chuva que atingiu Montes Claros, nesta segunda-feira (23\/11). Segundo informa\u00e7\u00f5es obtidas pela Pol\u00edcia Militar, ele caiu e morreu afogado quando tentava evitar que a moto dele, estacionada na Rua Pedra Azul, fosse levada pela enxurrada.<\/p>\n<p>Um militar aposentado do Corpo de Bombeiros, que passava pelo local, acionou as equipes de socorro. Segundo o Samu, o homem morreu no local e foi levado at\u00e9 um hospital, para facilitar a identifica\u00e7\u00e3o, j\u00e1 que n\u00e3o portava documentos. Al\u00e9m disto, a rua n\u00e3o oferecia condi\u00e7\u00f5es seguras, j\u00e1 que chovia muito e havia risco de choque. O corpo foi levado para o Instituto M\u00e9dico Legal.<\/p>\n<p>Ainda na noite desta segunda, o Corpo de Bombeiros fez buscas para tentar localizar um homem que foi levado pelas \u00e1guas de um c\u00f3rrego. Um amigo dele contou que os dois decidiram nadar no local, antes disso, eles ingeriram bebida alco\u00f3lica. Os militares continuam os trabalhos nesta ter\u00e7a (24).<\/p>\n<p><img decoding=\"async\" src=\"http:\/\/aconteceunovale.com.br\/portal\/wp-content\/uploads\/2015\/11\/chuva_moc_1.jpg\" alt=\"\" \/><em>Temporal atingiu Montes Claros e provocou preju\u00edzos &#8211; Foto: Reprodu\u00e7\u00e3o \/ Redes Sociais<\/em><br \/>\n<\/br><\/p>\n<p>Os militares atenderam v\u00e1rias ocorr\u00eancias relacionadas \u00e0 chuva, queda de \u00e1rvores, inunda\u00e7\u00f5es, desabamento, vistorias e risco de eletrocuss\u00e3o. Algumas visitas est\u00e3o previstas nos Bairros Monte Alegre, Vila Ipiranga, Vila Ant\u00f4nio Narciso, Ant\u00f4nio Pimenta e Vila Sion. <\/p>\n<p>Segundo a Defesa Civil, um posto de comando foi montado e metas foram tra\u00e7adas, como lavagem de ruas no Bairro Canelas, Raul Louren\u00e7o e JK, al\u00e9m de manuten\u00e7\u00e3o nas bocas-de-lobo. H\u00e1 previs\u00e3o de chuva para o fim da tarde.<\/p>\n<p><strong>\u00cdndice pluviom\u00e9trico<\/strong><\/p>\n<p>O 5\u00ba Distrito de Meteorologia de Montes Claros informou que a chuva come\u00e7ou por volta de 16h10 e atingiu 57,9 mil\u00edmetros. Neste m\u00eas, foram registrados 97,4 mil\u00edmetros, a m\u00e9dia esperada para novembro \u00e9 de 211.<\/p>\n<p><strong>Falta de energia<\/strong><\/p>\n<p>A queda de \u00e1rvores provocou a interrup\u00e7\u00e3o de energia nos Bairros de Lurdes, S\u00e3o Jos\u00e9, Major Prates e Centro. De acordo com a Companhia Energ\u00e9tica de Minas Gerais, as equipes est\u00e3o na rua para reestabelecer o servi\u00e7o.<\/p>\n<p><img decoding=\"async\" src=\"http:\/\/aconteceunovale.com.br\/portal\/wp-content\/uploads\/2015\/11\/chuva_moc_2.jpg\" alt=\"\" \/><em>Temporal atingiu Montes Claros e provocou preju\u00edzos &#8211; Foto: Reprodu\u00e7\u00e3o \/ Redes Sociais<\/em><br \/>\n<\/br><\/p>\n<p><em>(Fonte: Pol\u00edcia Militar \/ G1 Grande Minas)<\/em><\/p>\n","protected":false},"excerpt":{"rendered":"<p>Um homem de 30 anos morreu no Bairro Ant\u00f4nio Pimenta, durante a forte chuva que atingiu Montes Claros, nesta segunda-feira (23\/11). Segundo informa\u00e7\u00f5es obtidas pela Pol\u00edcia Militar, ele caiu e morreu afogado quando tentava evitar que a moto dele, estacionada na Rua Pedra Azul, fosse levada pela enxurrada. Um militar aposentado do Corpo de Bombeiros, [&hellip;]<\/p>\n","protected":false},"author":1,"featured_media":73498,"comment_status":"open","ping_status":"closed","sticky":false,"template":"","format":"standard","meta":{"amp_status":"","footnotes":""},"categories":[1236],"tags":[67063,67182,20795,67181,210,67062,67183],"class_list":["post-73496","post","type-post","status-publish","format-standard","has-post-thumbnail","hentry","category-norte_de_minas","tag-arrastado-pela-enxurrada-em-montes-claros","tag-arrastado-por-enxurrada-em-montes-claros","tag-chuva-em-montes-claros","tag-homem-morre-ao-tentar-evitar-que-enxurrada-levasse-moto-em-montes-claros","tag-montes-claros","tag-temporal-em-montes-claros","tag-vitima-da-chuva-em-montes-claros"],"_links":{"self":[{"href":"https:\/\/aconteceunovale.com.br\/portal\/index.php?rest_route=\/wp\/v2\/posts\/73496","targetHints":{"allow":["GET"]}}],"collection":[{"href":"https:\/\/aconteceunovale.com.br\/portal\/index.php?rest_route=\/wp\/v2\/posts"}],"about":[{"href":"https:\/\/aconteceunovale.com.br\/portal\/index.php?rest_route=\/wp\/v2\/types\/post"}],"author":[{"embeddable":true,"href":"https:\/\/aconteceunovale.com.br\/portal\/index.php?rest_route=\/wp\/v2\/users\/1"}],"replies":[{"embeddable":true,"href":"https:\/\/aconteceunovale.com.br\/portal\/index.php?rest_route=%2Fwp%2Fv2%2Fcomments&post=73496"}],"version-history":[{"count":0,"href":"https:\/\/aconteceunovale.com.br\/portal\/index.php?rest_route=\/wp\/v2\/posts\/73496\/revisions"}],"wp:featuredmedia":[{"embeddable":true,"href":"https:\/\/aconteceunovale.com.br\/portal\/index.php?rest_route=\/wp\/v2\/media\/73498"}],"wp:attachment":[{"href":"https:\/\/aconteceunovale.com.br\/portal\/index.php?rest_route=%2Fwp%2Fv2%2Fmedia&parent=73496"}],"wp:term":[{"taxonomy":"category","embeddable":true,"href":"https:\/\/aconteceunovale.com.br\/portal\/index.php?rest_route=%2Fwp%2Fv2%2Fcategories&post=73496"},{"taxonomy":"post_tag","embeddable":true,"href":"https:\/\/aconteceunovale.com.br\/portal\/index.php?rest_route=%2Fwp%2Fv2%2Ftags&post=73496"}],"curies":[{"name":"wp","href":"https:\/\/api.w.org\/{rel}","templated":true}]}}