{"id":73493,"date":"2015-11-24T16:28:02","date_gmt":"2015-11-24T19:28:02","guid":{"rendered":"http:\/\/aconteceunovale.com.br\/portal\/?p=73493"},"modified":"2015-11-24T16:28:02","modified_gmt":"2015-11-24T19:28:02","slug":"nova-especie-de-aracnideo-encontrada-em-minas-gerais-e-batizada-de-smeagol","status":"publish","type":"post","link":"https:\/\/aconteceunovale.com.br\/portal\/?p=73493","title":{"rendered":"Nova esp\u00e9cie de aracn\u00eddeo encontrada em Minas Gerais \u00e9 batizada de \u2018Smeagol\u2019"},"content":{"rendered":"<p>Uma pesquisa feita em uma caverna, em Monjolos (MG), descobriu a exist\u00eancia de uma nova esp\u00e9cie de opili\u00e3o, um primo distante das aranhas. O aracn\u00eddeo foi batizado de Iandumoema smeagol; refer\u00eancia a um personagem do livro &#8216;O Senhor dos An\u00e9is&#8217;, de J.R.R. Tolkien.<\/p>\n<p>\u201cEu sou apaixonada pela saga, li os livros antes mesmo de ver os filmes. Al\u00e9m disso, assim como o personagem, esse opili\u00e3o \u00e9 um simpatizante, um amigo da caverna\u201d, explica a professora Maria Elina Bichuette, do Laborat\u00f3rio de Estudos Subterr\u00e2neos da Universidade Federal de S\u00e3o Carlos (UFSCar), que coordenou o trabalho.<\/p>\n<p>A bi\u00f3loga destaca que os opili\u00f5es do g\u00eanero Iandumoema s\u00e3o encontrados somente em cavernas de Minas Gerais; existem tr\u00eas e o Smeagol \u00e9 um deles. Uma das caracter\u00edsticas exclusivas desse aracn\u00eddeo \u00e9 a aus\u00eancia de olhos. Nesse aspecto, ele \u00e9 diferente da criatura rastejante e de moral duvidosa que inspirou seu nome &#8212; o Smeagol de &#8216;O Senhor dos An\u00e9is&#8217; possui grandes olhos esbugalhados.<\/p>\n<p>\u201cEsses opili\u00f5es n\u00e3o t\u00eam olhos, mas apresentam outras modalidades sensoriais, como as pernas alongadas, que permitem tatear o ambiente e o auxiliam a encontrar alimento e parceiros para a reprodu\u00e7\u00e3o, por exemplo\u201d, diz Maria Elina.<\/p>\n<p>Conhecidos popularmente como \u201caranhas fedorentas\u201d, os opili\u00f5es s\u00e3o chamados dessa forma, pois, ao se sentirem amea\u00e7ados, eliminam uma subst\u00e2ncia f\u00e9tida que causa inc\u00f4modo, mas n\u00e3o \u00e9 venenosa.<\/p>\n<p>O Smeagol apresenta um tom de amarelo mais p\u00e1lido e chega a quatro cent\u00edmetros, quando est\u00e1 com as pernas alongadas. Eles foram encontrados em locais com maior umidade, como as paredes da caverna, perto da \u00e1gua. Segundo a pesquisa, foram observados 14 aracn\u00eddeos. Os mais jovens s\u00e3o mais ativos, enquanto os adultos s\u00e3o mais sedent\u00e1rios. Em uma das ocasi\u00f5es, a equipe de pesquisadores notou que um deles se alimentava da carca\u00e7a de outros invertebrados.<\/p>\n<p>\u201cCavernas s\u00e3o um importante ref\u00fagio, j\u00e1 que em outras \u00e9pocas, em per\u00edodos de grandes mudan\u00e7as clim\u00e1ticas, abrigaram faunas que estiveram isoladas ao longo dos anos. O Iandumoema smeagol \u00e9 um resqu\u00edcio de grupos passados de opili\u00f5es, que n\u00e3o existem mais no ambiente externo\u201d, fala a professora.<\/p>\n<p>A descoberta do Smeagol ocorreu durante pesquisas realizadas para uma tese de mestrado, entre 2012 at\u00e9 o final de 2014. Durante os trabalhos de campo, a equipe da bi\u00f3loga fez levantamentos e conversou com moradores da regi\u00e3o. Um deles, chamado Geraldo, mostrou a caverna, que posteriormente foi batizada com o nome dele; a Toca do Geraldo. A preocupa\u00e7\u00e3o dos pesquisadores \u00e9 proteger o ambiente, que est\u00e1 amea\u00e7ado pela extra\u00e7\u00e3o de calc\u00e1rio, pelo desmatamento e pela exist\u00eancia de pequenas centrais hidrel\u00e9tricas.<\/p>\n<p>\u201cDurante esse per\u00edodo \u00edamos para campo a cada tr\u00eas meses, e fic\u00e1vamos dez dias. A caverna n\u00e3o \u00e9 cadastrada em nenhuma base de dados. Agora, com a descoberta do Iandumoema smeagol, temos a possibilidade de proteg\u00ea-la. O projeto continua e pretendemos descobrir quais fatores possibilitaram o isolamento da esp\u00e9cie, de que ela se alimentaa, como se reproduz, entre outros pontos\u201d, finaliza.<\/p>\n<p><img decoding=\"async\" src=\"http:\/\/aconteceunovale.com.br\/portal\/wp-content\/uploads\/2015\/11\/novo_aracnideo.jpg\" alt=\"\" \/><em>O opili\u00e3o &#8216;Iandumoema smeagol&#8217; foi encontrado em caverna de Minas (Foto: Arquivo Pessoal\/LES\/UFSCar)<\/em><br \/>\n<\/br><\/p>\n<p><em>(Fonte: G1 Grande Minas \/ Inter TV)<\/em><\/p>\n","protected":false},"excerpt":{"rendered":"<p>Uma pesquisa feita em uma caverna, em Monjolos (MG), descobriu a exist\u00eancia de uma nova esp\u00e9cie de opili\u00e3o, um primo distante das aranhas. O aracn\u00eddeo foi batizado de Iandumoema smeagol; refer\u00eancia a um personagem do livro &#8216;O Senhor dos An\u00e9is&#8217;, de J.R.R. Tolkien. \u201cEu sou apaixonada pela saga, li os livros antes mesmo de ver [&hellip;]<\/p>\n","protected":false},"author":1,"featured_media":73494,"comment_status":"open","ping_status":"closed","sticky":false,"template":"","format":"standard","meta":{"amp_status":"","footnotes":""},"categories":[123],"tags":[67162,67175,67163,67164,67174,67177,67176,67168,67169,67160,67180,67170,67167,67173,67172,67179,67171,67161,67166,67165,67178],"class_list":["post-73493","post","type-post","status-publish","format-standard","has-post-thumbnail","hentry","category-gerais","tag-aracnideo-batizado-de-smeagol","tag-aracnideo-iandumoema-smeagol","tag-aracnideo-smeagol","tag-aranha-smeagol","tag-iandumoema-smeagol","tag-laboratorio-de-estudos-subterraneos-da-universidade-federal-de-sao-carlos","tag-maria-elina-bichuette","tag-nova-especie-de-aracnideo","tag-nova-especie-de-aracnideo-encontrada-em-minas-gerais","tag-nova-especie-de-aracnideo-encontrada-em-minas-gerais-e-batizada-de-smeagol","tag-nova-especie-de-aracnideo-encontrada-em-minas-gerais-recebe-nome-de-personagem-da-saga-senhor-dos-aneis","tag-nova-especie-de-aracnideo-encontrada-em-monjolos","tag-nova-especie-de-aracnideo-smeagol","tag-nova-especie-de-opiliao","tag-opiliao","tag-opiliao-iandumoema-smeagol","tag-opiliao-smeagol","tag-smeagol","tag-smeagol-aracnideo","tag-smeagol-aranha","tag-ufscar"],"_links":{"self":[{"href":"https:\/\/aconteceunovale.com.br\/portal\/index.php?rest_route=\/wp\/v2\/posts\/73493","targetHints":{"allow":["GET"]}}],"collection":[{"href":"https:\/\/aconteceunovale.com.br\/portal\/index.php?rest_route=\/wp\/v2\/posts"}],"about":[{"href":"https:\/\/aconteceunovale.com.br\/portal\/index.php?rest_route=\/wp\/v2\/types\/post"}],"author":[{"embeddable":true,"href":"https:\/\/aconteceunovale.com.br\/portal\/index.php?rest_route=\/wp\/v2\/users\/1"}],"replies":[{"embeddable":true,"href":"https:\/\/aconteceunovale.com.br\/portal\/index.php?rest_route=%2Fwp%2Fv2%2Fcomments&post=73493"}],"version-history":[{"count":0,"href":"https:\/\/aconteceunovale.com.br\/portal\/index.php?rest_route=\/wp\/v2\/posts\/73493\/revisions"}],"wp:featuredmedia":[{"embeddable":true,"href":"https:\/\/aconteceunovale.com.br\/portal\/index.php?rest_route=\/wp\/v2\/media\/73494"}],"wp:attachment":[{"href":"https:\/\/aconteceunovale.com.br\/portal\/index.php?rest_route=%2Fwp%2Fv2%2Fmedia&parent=73493"}],"wp:term":[{"taxonomy":"category","embeddable":true,"href":"https:\/\/aconteceunovale.com.br\/portal\/index.php?rest_route=%2Fwp%2Fv2%2Fcategories&post=73493"},{"taxonomy":"post_tag","embeddable":true,"href":"https:\/\/aconteceunovale.com.br\/portal\/index.php?rest_route=%2Fwp%2Fv2%2Ftags&post=73493"}],"curies":[{"name":"wp","href":"https:\/\/api.w.org\/{rel}","templated":true}]}}