{"id":73490,"date":"2015-11-24T16:16:54","date_gmt":"2015-11-24T19:16:54","guid":{"rendered":"http:\/\/aconteceunovale.com.br\/portal\/?p=73490"},"modified":"2015-11-24T16:16:54","modified_gmt":"2015-11-24T19:16:54","slug":"homem-e-assassinado-em-bar-de-montes-claros","status":"publish","type":"post","link":"https:\/\/aconteceunovale.com.br\/portal\/?p=73490","title":{"rendered":"Homem \u00e9 assassinado em bar de Montes Claros"},"content":{"rendered":"<p>Um homem de 41 anos foi assassinado a tiros na tarde desta ter\u00e7a-feira (24\/11) em Montes Claros, na regi\u00e3o Norte de Minas Gerais. Segundo a Pol\u00edcia Militar (PM), a v\u00edtima estava sentada em um bar, na Avenida Independ\u00eancia, no bairro de mesmo nome, quando foi surpreendida por dois indiv\u00edduos.<\/p>\n<p>\u201cSegundo testemunhas, chegaram dois indiv\u00edduos e um deles estava armado com uma pistola. Dispararam dois tiros e depois fugiram\u201d, informa o sargento Fabiano Borges.<\/p>\n<p>Ap\u00f3s ser alvejado, o homem correu e caiu poucos metros \u00e0 frente. Ele morreu antes mesmo de receber o socorro. O sargento afirmou ainda que as testemunhas relataram que o crime tenha motiva\u00e7\u00e3o passional, mas ainda ser\u00e1 investigado.<\/p>\n<p>A v\u00edtima n\u00e3o tinha passagens pelos meios policiais. O corpo foi removido ao Instituto M\u00e9dico Legal (IML) para demais provid\u00eancias. Os autores s\u00e3o procurados pela Pol\u00edcia.<\/p>\n<p><img decoding=\"async\" src=\"http:\/\/aconteceunovale.com.br\/portal\/wp-content\/uploads\/2015\/11\/homicidio_moc_24.jpg\" alt=\"\" \/><em>Crime aconteceu no Bairro Independ\u00eancia, em Montes Claros (Foto: Thiago Fran\u00e7a \/ G1)<\/em><br \/>\n<\/br><\/p>\n<p><em>(Fonte: Inter TV \/ G1 Grande Minas)<\/em><\/p>\n","protected":false},"excerpt":{"rendered":"<p>Um homem de 41 anos foi assassinado a tiros na tarde desta ter\u00e7a-feira (24\/11) em Montes Claros, na regi\u00e3o Norte de Minas Gerais. Segundo a Pol\u00edcia Militar (PM), a v\u00edtima estava sentada em um bar, na Avenida Independ\u00eancia, no bairro de mesmo nome, quando foi surpreendida por dois indiv\u00edduos. \u201cSegundo testemunhas, chegaram dois indiv\u00edduos e [&hellip;]<\/p>\n","protected":false},"author":1,"featured_media":73491,"comment_status":"open","ping_status":"closed","sticky":false,"template":"","format":"standard","meta":{"amp_status":"","footnotes":""},"categories":[1236],"tags":[53918,67159,30824,67156,25220,67157,210,63142,67158],"class_list":["post-73490","post","type-post","status-publish","format-standard","has-post-thumbnail","hentry","category-norte_de_minas","tag-assassinato-em-montes-claros","tag-assassinato-no-bairro-independencia","tag-bairro-independencia","tag-homem-e-assassinado-em-bar-de-montes-claros","tag-homicidio-em-montes-claros","tag-homicidio-no-bairro-independencia","tag-montes-claros","tag-morto-em-montes-claros","tag-morto-no-bairro-independencia"],"_links":{"self":[{"href":"https:\/\/aconteceunovale.com.br\/portal\/index.php?rest_route=\/wp\/v2\/posts\/73490","targetHints":{"allow":["GET"]}}],"collection":[{"href":"https:\/\/aconteceunovale.com.br\/portal\/index.php?rest_route=\/wp\/v2\/posts"}],"about":[{"href":"https:\/\/aconteceunovale.com.br\/portal\/index.php?rest_route=\/wp\/v2\/types\/post"}],"author":[{"embeddable":true,"href":"https:\/\/aconteceunovale.com.br\/portal\/index.php?rest_route=\/wp\/v2\/users\/1"}],"replies":[{"embeddable":true,"href":"https:\/\/aconteceunovale.com.br\/portal\/index.php?rest_route=%2Fwp%2Fv2%2Fcomments&post=73490"}],"version-history":[{"count":0,"href":"https:\/\/aconteceunovale.com.br\/portal\/index.php?rest_route=\/wp\/v2\/posts\/73490\/revisions"}],"wp:featuredmedia":[{"embeddable":true,"href":"https:\/\/aconteceunovale.com.br\/portal\/index.php?rest_route=\/wp\/v2\/media\/73491"}],"wp:attachment":[{"href":"https:\/\/aconteceunovale.com.br\/portal\/index.php?rest_route=%2Fwp%2Fv2%2Fmedia&parent=73490"}],"wp:term":[{"taxonomy":"category","embeddable":true,"href":"https:\/\/aconteceunovale.com.br\/portal\/index.php?rest_route=%2Fwp%2Fv2%2Fcategories&post=73490"},{"taxonomy":"post_tag","embeddable":true,"href":"https:\/\/aconteceunovale.com.br\/portal\/index.php?rest_route=%2Fwp%2Fv2%2Ftags&post=73490"}],"curies":[{"name":"wp","href":"https:\/\/api.w.org\/{rel}","templated":true}]}}