{"id":73488,"date":"2015-11-24T16:08:50","date_gmt":"2015-11-24T19:08:50","guid":{"rendered":"http:\/\/aconteceunovale.com.br\/portal\/?p=73488"},"modified":"2015-11-24T16:08:50","modified_gmt":"2015-11-24T19:08:50","slug":"idoso-de-79-anos-e-preso-apos-tentar-matar-policial-em-frei-gaspar","status":"publish","type":"post","link":"https:\/\/aconteceunovale.com.br\/portal\/?p=73488","title":{"rendered":"Idoso de 79 anos \u00e9 preso ap\u00f3s tentar matar policial em Frei Gaspar"},"content":{"rendered":"<p>Um idoso de 79 anos foi preso na noite dessa segunda-feira, 23 de novembro, o munic\u00edpio de Frei Gaspar, no Vale do Mucuri. A Pol\u00edcia Militar (PM) informou que o homem estaria amea\u00e7ando moradores pelas ruas do distrito de Cachoeira do Aran\u00e3 com uma foice, e, ap\u00f3s a chegada da PM, ele teria tentado matar um militar com uma faca.<\/p>\n<p>Ainda segundo a pol\u00edcia, o idoso estava muito alterado e n\u00e3o obedeceu a ordem dos militares para largar a arma. Os policiais tentaram retirar a faca das m\u00e3os dele, mas n\u00e3o conseguiram. Um militar atirou no bra\u00e7o esquerdo do suspeito para cont\u00ea-lo.<\/p>\n<p>A PM acredita que a confus\u00e3o no distrito tenha sido motivada por alguma discuss\u00e3o do idoso com um morador. O homem foi levado para um hospital de Te\u00f3filo Otoni (MG), onde permaneceu sob cuidados m\u00e9dicos. A foice e a faca foram apreendidas e encaminhadas \u00e0 Delegacia.<\/p>\n<p><em>(Fonte: Pol\u00edcia Militar \/ G1 dos Vales)<\/em><\/p>\n","protected":false},"excerpt":{"rendered":"<p>Um idoso de 79 anos foi preso na noite dessa segunda-feira, 23 de novembro, o munic\u00edpio de Frei Gaspar, no Vale do Mucuri. A Pol\u00edcia Militar (PM) informou que o homem estaria amea\u00e7ando moradores pelas ruas do distrito de Cachoeira do Aran\u00e3 com uma foice, e, ap\u00f3s a chegada da PM, ele teria tentado matar [&hellip;]<\/p>\n","protected":false},"author":1,"featured_media":71442,"comment_status":"open","ping_status":"closed","sticky":false,"template":"","format":"standard","meta":{"amp_status":"","footnotes":""},"categories":[122],"tags":[67153,67152,67154,3136,67151,67150,67155,164],"class_list":["post-73488","post","type-post","status-publish","format-standard","has-post-thumbnail","hentry","category-mucuri","tag-bento-esteves-de-oliveira","tag-cachoeira-do-arana","tag-flavio-alves-da-silva-viana","tag-frei-gaspar","tag-idoso-de-79-anos-e-preso-apos-tentar-matar-policial-em-cachoeira-do-arana","tag-idoso-de-79-anos-e-preso-apos-tentar-matar-policial-em-frei-gaspar","tag-rodrigo-neves-camara","tag-teofilo-otoni"],"_links":{"self":[{"href":"https:\/\/aconteceunovale.com.br\/portal\/index.php?rest_route=\/wp\/v2\/posts\/73488","targetHints":{"allow":["GET"]}}],"collection":[{"href":"https:\/\/aconteceunovale.com.br\/portal\/index.php?rest_route=\/wp\/v2\/posts"}],"about":[{"href":"https:\/\/aconteceunovale.com.br\/portal\/index.php?rest_route=\/wp\/v2\/types\/post"}],"author":[{"embeddable":true,"href":"https:\/\/aconteceunovale.com.br\/portal\/index.php?rest_route=\/wp\/v2\/users\/1"}],"replies":[{"embeddable":true,"href":"https:\/\/aconteceunovale.com.br\/portal\/index.php?rest_route=%2Fwp%2Fv2%2Fcomments&post=73488"}],"version-history":[{"count":0,"href":"https:\/\/aconteceunovale.com.br\/portal\/index.php?rest_route=\/wp\/v2\/posts\/73488\/revisions"}],"wp:featuredmedia":[{"embeddable":true,"href":"https:\/\/aconteceunovale.com.br\/portal\/index.php?rest_route=\/wp\/v2\/media\/71442"}],"wp:attachment":[{"href":"https:\/\/aconteceunovale.com.br\/portal\/index.php?rest_route=%2Fwp%2Fv2%2Fmedia&parent=73488"}],"wp:term":[{"taxonomy":"category","embeddable":true,"href":"https:\/\/aconteceunovale.com.br\/portal\/index.php?rest_route=%2Fwp%2Fv2%2Fcategories&post=73488"},{"taxonomy":"post_tag","embeddable":true,"href":"https:\/\/aconteceunovale.com.br\/portal\/index.php?rest_route=%2Fwp%2Fv2%2Ftags&post=73488"}],"curies":[{"name":"wp","href":"https:\/\/api.w.org\/{rel}","templated":true}]}}